{"id":33882,"date":"2021-03-03T10:54:46","date_gmt":"2021-03-03T10:54:46","guid":{"rendered":"https:\/\/tlcdenia.xyz\/?p=33882"},"modified":"2025-12-02T10:54:06","modified_gmt":"2025-12-02T10:54:06","slug":"las-fallas-spagna","status":"publish","type":"post","link":"https:\/\/tlcdenia.com\/it\/las-fallas-spagna\/","title":{"rendered":"Cosa solo Las Fallas? Domande frequenti e vocabolario della festa"},"content":{"rendered":"\t\t<div data-elementor-type=\"wp-post\" data-elementor-id=\"33882\" class=\"elementor elementor-33882 elementor-6926\" data-elementor-post-type=\"post\">\n\t\t\t\t\t\t<section class=\"elementor-section elementor-top-section elementor-element elementor-element-2f4e4bc6 elementor-section-boxed elementor-section-height-default elementor-section-height-default\" data-id=\"2f4e4bc6\" data-element_type=\"section\" data-e-type=\"section\">\n\t\t\t\t\t\t<div class=\"elementor-container elementor-column-gap-default\">\n\t\t\t\t\t<div class=\"elementor-column elementor-col-100 elementor-top-column elementor-element elementor-element-4e815ae3\" data-id=\"4e815ae3\" data-element_type=\"column\" data-e-type=\"column\">\n\t\t\t<div class=\"elementor-widget-wrap elementor-element-populated\">\n\t\t\t\t\t\t<div class=\"elementor-element elementor-element-4dcad39b elementor-widget elementor-widget-text-editor\" data-id=\"4dcad39b\" data-element_type=\"widget\" data-e-type=\"widget\" data-widget_type=\"text-editor.default\">\n\t\t\t\t<div class=\"elementor-widget-container\">\n\t\t\t\t\t\t\t\t\t<h2>Cosa sono las Fallas?<\/h2><p><strong>Las Fallas<\/strong>\u00a0sono feste\u00a0tradizionali di interesse turistico internazionale che si svolgono ogni anno nella settimana\u00a0tra il 15 e il 19 di marzo, in diverse localit\u00e0 della comunit\u00e0 Valenciana, incluso in D\u00e8nia, anche se gli evento \u201cfelleri\u201d iniziano gi\u00e0 dall\u2019ultima Domenica di febbraio.<\/p><p>Parliamo di\u00a0<strong>\u201cFalla\u201d<\/strong>\u00a0anche quando ci riferiamo al \u201cmonumento fallero\u201d che sono dellle maschera, di diversi metri di altezza, di cartapesta, polistirolo e gommapiuma e legno. Las Fallas solitamente hanno una connotazione satirica e il perch\u00e8 viene spiegato con diversi cartelli, scritti in valenziano e posti in tutta la festa.<\/p>\t\t\t\t\t\t\t\t<\/div>\n\t\t\t\t<\/div>\n\t\t\t\t<div class=\"elementor-element elementor-element-d9dc702 elementor-alert-info elementor-widget elementor-widget-alert\" data-id=\"d9dc702\" data-element_type=\"widget\" data-e-type=\"widget\" data-widget_type=\"alert.default\">\n\t\t\t\t<div class=\"elementor-widget-container\">\n\t\t\t\t\t\t\t<div class=\"elementor-alert\" role=\"alert\">\n\n\t\t\t\t\t\t<span class=\"elementor-alert-title\">Per vostra informazione<\/span>\n\t\t\t\n\t\t\t\t\t\t<span class=\"elementor-alert-description\">\nVuoi parlare spagnolo? Ti consigliamo vivamente di <a href=\"https:\/\/tlcdenia.com\/it\/\">imparare lo spagnolo in Spagna<\/a>.\n<br>Vieni a <a href=\"https:\/\/tlcdenia.com\/it\/studiare-spagnolo-in-spagna\/\">impara lo spagnolo a Denia<\/a>. Non te ne pentirai!<\/span>\n\t\t\t\n\t\t\t\n\t\t<\/div>\n\t\t\t\t\t\t<\/div>\n\t\t\t\t<\/div>\n\t\t\t\t<div class=\"elementor-element elementor-element-c001128 elementor-widget elementor-widget-text-editor\" data-id=\"c001128\" data-element_type=\"widget\" data-e-type=\"widget\" data-widget_type=\"text-editor.default\">\n\t\t\t\t<div class=\"elementor-widget-container\">\n\t\t\t\t\t\t\t\t\t<h2>Che cos\u2019\u00e8 una masclet\u00e1?<\/h2><p>\u00c9 uno<strong>\u00a0spettacolo pirotecnico<\/strong>, nel quale vengono fatte scoppiare numerose file di petardi creando un effetto assordante con il fine di creare una cadenza, un ritmo, che va aumentando con il trascorrere del tempo.<br \/>Alcune masclet\u00e0s sono musicali in quanto imitamo le canzoni e le esplosioni vanno a ritmo crescente fino a concludersi in un finale spettacolare!<\/p><h2>Da dove viene la tradizione delle masclet\u00e0s e dei petardi?<\/h2><p>Si dice che la\u00a0<strong>polvere da sparo<\/strong>\u00a0sia stata inventata in<strong>\u00a0Cina<\/strong>\u00a0quando i taoisti hanno cercato di inventare una pozione per l\u2019immortalit\u00e0.<br \/><strong>Gli Arabi<\/strong>\u00a0la comprarono dopo aver occupato la penisola Iberica agli inizi del XIII secolo.<br \/>Alla fine del XVIII secolo \u201cels mascles\u201d (i petardi) venivano tirati ai piedi e colui che resisteva pi\u00fa a lungo, veniva considerato il \u201c<em>m\u00e9s mascle<\/em>\u201d(\u201cpi\u00fa macho\u201d).\u00a0Da qui, \u00e8 nata la tradizione di legare questi petardi con delle corde e che si \u00e8 poi evoluta nell\u2019attuale \u201cmasclet\u00e0\u201d.<\/p><p>Non puoi assolutamente perderti las masclet\u00e0s durante le prossime Fallas in D\u00e9nia!<\/p><h2>Vocabolario sobre las Fallas<\/h2><p>Dai un&#8217;occhiata alla nostra presentazione con il vocabolario e i punti salienti della Falla a Denia:\u00a0<a href=\"https:\/\/www.slideshare.net\/tlcdenia\/vocabulario-fallas-en-dnia-2016\">Fai clic qui per vedere la presentazione<\/a><\/p><p>Buon Fallas a tutti!<\/p>\t\t\t\t\t\t\t\t<\/div>\n\t\t\t\t<\/div>\n\t\t\t\t\t<\/div>\n\t\t<\/div>\n\t\t\t\t\t<\/div>\n\t\t<\/section>\n\t\t\t\t<section class=\"elementor-section elementor-top-section elementor-element elementor-element-84a7162 elementor-section-boxed elementor-section-height-default elementor-section-height-default\" data-id=\"84a7162\" data-element_type=\"section\" data-e-type=\"section\">\n\t\t\t\t\t\t<div class=\"elementor-container elementor-column-gap-default\">\n\t\t\t\t\t<div class=\"elementor-column elementor-col-100 elementor-top-column elementor-element elementor-element-c394145\" data-id=\"c394145\" data-element_type=\"column\" data-e-type=\"column\">\n\t\t\t<div class=\"elementor-widget-wrap elementor-element-populated\">\n\t\t\t\t\t\t<div class=\"elementor-element elementor-element-ba4095f elementor-align-center elementor-widget elementor-widget-button\" data-id=\"ba4095f\" data-element_type=\"widget\" data-e-type=\"widget\" data-widget_type=\"button.default\">\n\t\t\t\t<div class=\"elementor-widget-container\">\n\t\t\t\t\t\t\t\t\t<div class=\"elementor-button-wrapper\">\n\t\t\t\t\t<a class=\"elementor-button elementor-button-link elementor-size-lg\" href=\"https:\/\/tlcdenia.com\/it\/libro-corso\/\">\n\t\t\t\t\t\t<span class=\"elementor-button-content-wrapper\">\n\t\t\t\t\t\t<span class=\"elementor-button-icon\">\n\t\t\t\t<svg aria-hidden=\"true\" class=\"e-font-icon-svg e-far-check-circle\" viewBox=\"0 0 512 512\" xmlns=\"http:\/\/www.w3.org\/2000\/svg\"><path d=\"M256 8C119.033 8 8 119.033 8 256s111.033 248 248 248 248-111.033 248-248S392.967 8 256 8zm0 48c110.532 0 200 89.451 200 200 0 110.532-89.451 200-200 200-110.532 0-200-89.451-200-200 0-110.532 89.451-200 200-200m140.204 130.267l-22.536-22.718c-4.667-4.705-12.265-4.736-16.97-.068L215.346 303.697l-59.792-60.277c-4.667-4.705-12.265-4.736-16.97-.069l-22.719 22.536c-4.705 4.667-4.736 12.265-.068 16.971l90.781 91.516c4.667 4.705 12.265 4.736 16.97.068l172.589-171.204c4.704-4.668 4.734-12.266.067-16.971z\"><\/path><\/svg>\t\t\t<\/span>\n\t\t\t\t\t\t\t\t\t<span class=\"elementor-button-text\">PRENOTA UN CORSO DI SPAGNOLO<\/span>\n\t\t\t\t\t<\/span>\n\t\t\t\t\t<\/a>\n\t\t\t\t<\/div>\n\t\t\t\t\t\t\t\t<\/div>\n\t\t\t\t<\/div>\n\t\t\t\t\t<\/div>\n\t\t<\/div>\n\t\t\t\t\t<\/div>\n\t\t<\/section>\n\t\t\t\t<\/div>\n\t\t","protected":false},"excerpt":{"rendered":"<p>Cosa sono las Fallas? Las Fallas\u00a0sono feste\u00a0tradizionali di interesse turistico internazionale che si svolgono ogni anno nella settimana\u00a0tra il 15 e il 19 di marzo, in diverse localit\u00e0 della comunit\u00e0 Valenciana, incluso in D\u00e8nia, anche se gli evento \u201cfelleri\u201d iniziano &hellip; <\/p>\n","protected":false},"author":3,"featured_media":33886,"comment_status":"open","ping_status":"closed","sticky":false,"template":"","format":"standard","meta":{"_acf_changed":false,"footnotes":""},"categories":[232],"tags":[],"class_list":["post-33882","post","type-post","status-publish","format-standard","has-post-thumbnail","hentry","category-cultura-spagnola"],"acf":[],"yoast_head":"<!-- This site is optimized with the Yoast SEO plugin v26.9 - https:\/\/yoast.com\/product\/yoast-seo-wordpress\/ -->\n<title>Cosa solo Las Fallas? Domande frequenti della festa | TLCd\u00e9nia<\/title>\n<meta name=\"description\" content=\"Las Fallas sono feste tradizionali in Spagnia di interesse turistico internazionale in diverse localit\u00e0 della Comunit\u00e0 Valenciana.\" \/>\n<meta name=\"robots\" content=\"index, follow, max-snippet:-1, max-image-preview:large, max-video-preview:-1\" \/>\n<link rel=\"canonical\" href=\"https:\/\/tlcdenia.com\/it\/las-fallas-spagna\/\" \/>\n<meta property=\"og:locale\" content=\"it_IT\" \/>\n<meta property=\"og:type\" content=\"article\" \/>\n<meta property=\"og:title\" content=\"Cosa solo Las Fallas? Domande frequenti della festa | TLCd\u00e9nia\" \/>\n<meta property=\"og:description\" content=\"Las Fallas sono feste tradizionali in Spagnia di interesse turistico internazionale in diverse localit\u00e0 della Comunit\u00e0 Valenciana.\" \/>\n<meta property=\"og:url\" content=\"https:\/\/tlcdenia.com\/it\/las-fallas-spagna\/\" \/>\n<meta property=\"og:site_name\" content=\"Scuola TLCd\u00e9nia - Sito ufficiale\" \/>\n<meta property=\"article:published_time\" content=\"2021-03-03T10:54:46+00:00\" \/>\n<meta property=\"article:modified_time\" content=\"2025-12-02T10:54:06+00:00\" \/>\n<meta property=\"og:image\" content=\"https:\/\/tlcdenia.com\/wp-content\/uploads\/2021\/07\/festa-fallas-spagna.jpg\" \/>\n\t<meta property=\"og:image:width\" content=\"900\" \/>\n\t<meta property=\"og:image:height\" content=\"506\" \/>\n\t<meta property=\"og:image:type\" content=\"image\/jpeg\" \/>\n<meta name=\"author\" content=\"TLCd\u00e9nia\" \/>\n<meta name=\"twitter:card\" content=\"summary_large_image\" \/>\n<meta name=\"twitter:label1\" content=\"Scritto da\" \/>\n\t<meta name=\"twitter:data1\" content=\"TLCd\u00e9nia\" \/>\n\t<meta name=\"twitter:label2\" content=\"Tempo di lettura stimato\" \/>\n\t<meta name=\"twitter:data2\" content=\"2 minuti\" \/>\n<script type=\"application\/ld+json\" class=\"yoast-schema-graph\">{\"@context\":\"https:\/\/schema.org\",\"@graph\":[{\"@type\":\"Article\",\"@id\":\"https:\/\/tlcdenia.com\/it\/las-fallas-spagna\/#article\",\"isPartOf\":{\"@id\":\"https:\/\/tlcdenia.com\/it\/las-fallas-spagna\/\"},\"author\":{\"name\":\"TLCd\u00e9nia\",\"@id\":\"https:\/\/tlcdenia.com\/it\/#\/schema\/person\/0aa366bc9e603b32c37f10e5c3a9b091\"},\"headline\":\"Cosa solo Las Fallas? Domande frequenti e vocabolario della festa\",\"datePublished\":\"2021-03-03T10:54:46+00:00\",\"dateModified\":\"2025-12-02T10:54:06+00:00\",\"mainEntityOfPage\":{\"@id\":\"https:\/\/tlcdenia.com\/it\/las-fallas-spagna\/\"},\"wordCount\":344,\"commentCount\":0,\"image\":{\"@id\":\"https:\/\/tlcdenia.com\/it\/las-fallas-spagna\/#primaryimage\"},\"thumbnailUrl\":\"https:\/\/tlcdenia.com\/wp-content\/uploads\/2021\/07\/festa-fallas-spagna.jpg\",\"articleSection\":[\"CULTURA SPAGNOLA\"],\"inLanguage\":\"it-IT\",\"potentialAction\":[{\"@type\":\"CommentAction\",\"name\":\"Comment\",\"target\":[\"https:\/\/tlcdenia.com\/it\/las-fallas-spagna\/#respond\"]}]},{\"@type\":\"WebPage\",\"@id\":\"https:\/\/tlcdenia.com\/it\/las-fallas-spagna\/\",\"url\":\"https:\/\/tlcdenia.com\/it\/las-fallas-spagna\/\",\"name\":\"Cosa solo Las Fallas? Domande frequenti della festa | TLCd\u00e9nia\",\"isPartOf\":{\"@id\":\"https:\/\/tlcdenia.com\/it\/#website\"},\"primaryImageOfPage\":{\"@id\":\"https:\/\/tlcdenia.com\/it\/las-fallas-spagna\/#primaryimage\"},\"image\":{\"@id\":\"https:\/\/tlcdenia.com\/it\/las-fallas-spagna\/#primaryimage\"},\"thumbnailUrl\":\"https:\/\/tlcdenia.com\/wp-content\/uploads\/2021\/07\/festa-fallas-spagna.jpg\",\"datePublished\":\"2021-03-03T10:54:46+00:00\",\"dateModified\":\"2025-12-02T10:54:06+00:00\",\"author\":{\"@id\":\"https:\/\/tlcdenia.com\/it\/#\/schema\/person\/0aa366bc9e603b32c37f10e5c3a9b091\"},\"description\":\"Las Fallas sono feste tradizionali in Spagnia di interesse turistico internazionale in diverse localit\u00e0 della Comunit\u00e0 Valenciana.\",\"breadcrumb\":{\"@id\":\"https:\/\/tlcdenia.com\/it\/las-fallas-spagna\/#breadcrumb\"},\"inLanguage\":\"it-IT\",\"potentialAction\":[{\"@type\":\"ReadAction\",\"target\":[\"https:\/\/tlcdenia.com\/it\/las-fallas-spagna\/\"]}]},{\"@type\":\"ImageObject\",\"inLanguage\":\"it-IT\",\"@id\":\"https:\/\/tlcdenia.com\/it\/las-fallas-spagna\/#primaryimage\",\"url\":\"https:\/\/tlcdenia.com\/wp-content\/uploads\/2021\/07\/festa-fallas-spagna.jpg\",\"contentUrl\":\"https:\/\/tlcdenia.com\/wp-content\/uploads\/2021\/07\/festa-fallas-spagna.jpg\",\"width\":900,\"height\":506,\"caption\":\"festa fallas spagna\"},{\"@type\":\"BreadcrumbList\",\"@id\":\"https:\/\/tlcdenia.com\/it\/las-fallas-spagna\/#breadcrumb\",\"itemListElement\":[{\"@type\":\"ListItem\",\"position\":1,\"name\":\"Home\",\"item\":\"https:\/\/tlcdenia.com\/it\/\"},{\"@type\":\"ListItem\",\"position\":2,\"name\":\"Cosa solo Las Fallas? Domande frequenti e vocabolario della festa\"}]},{\"@type\":\"WebSite\",\"@id\":\"https:\/\/tlcdenia.com\/it\/#website\",\"url\":\"https:\/\/tlcdenia.com\/it\/\",\"name\":\"Scuola TLCd\u00e9nia - Sito ufficiale\",\"description\":\"Languages Center\",\"potentialAction\":[{\"@type\":\"SearchAction\",\"target\":{\"@type\":\"EntryPoint\",\"urlTemplate\":\"https:\/\/tlcdenia.com\/it\/?s={search_term_string}\"},\"query-input\":{\"@type\":\"PropertyValueSpecification\",\"valueRequired\":true,\"valueName\":\"search_term_string\"}}],\"inLanguage\":\"it-IT\"},{\"@type\":\"Person\",\"@id\":\"https:\/\/tlcdenia.com\/it\/#\/schema\/person\/0aa366bc9e603b32c37f10e5c3a9b091\",\"name\":\"TLCd\u00e9nia\"}]}<\/script>\n<!-- \/ Yoast SEO plugin. -->","yoast_head_json":{"title":"Cosa solo Las Fallas? Domande frequenti della festa | TLCd\u00e9nia","description":"Las Fallas sono feste tradizionali in Spagnia di interesse turistico internazionale in diverse localit\u00e0 della Comunit\u00e0 Valenciana.","robots":{"index":"index","follow":"follow","max-snippet":"max-snippet:-1","max-image-preview":"max-image-preview:large","max-video-preview":"max-video-preview:-1"},"canonical":"https:\/\/tlcdenia.com\/it\/las-fallas-spagna\/","og_locale":"it_IT","og_type":"article","og_title":"Cosa solo Las Fallas? Domande frequenti della festa | TLCd\u00e9nia","og_description":"Las Fallas sono feste tradizionali in Spagnia di interesse turistico internazionale in diverse localit\u00e0 della Comunit\u00e0 Valenciana.","og_url":"https:\/\/tlcdenia.com\/it\/las-fallas-spagna\/","og_site_name":"Scuola TLCd\u00e9nia - Sito ufficiale","article_published_time":"2021-03-03T10:54:46+00:00","article_modified_time":"2025-12-02T10:54:06+00:00","og_image":[{"width":900,"height":506,"url":"https:\/\/tlcdenia.com\/wp-content\/uploads\/2021\/07\/festa-fallas-spagna.jpg","type":"image\/jpeg"}],"author":"TLCd\u00e9nia","twitter_card":"summary_large_image","twitter_misc":{"Scritto da":"TLCd\u00e9nia","Tempo di lettura stimato":"2 minuti"},"schema":{"@context":"https:\/\/schema.org","@graph":[{"@type":"Article","@id":"https:\/\/tlcdenia.com\/it\/las-fallas-spagna\/#article","isPartOf":{"@id":"https:\/\/tlcdenia.com\/it\/las-fallas-spagna\/"},"author":{"name":"TLCd\u00e9nia","@id":"https:\/\/tlcdenia.com\/it\/#\/schema\/person\/0aa366bc9e603b32c37f10e5c3a9b091"},"headline":"Cosa solo Las Fallas? Domande frequenti e vocabolario della festa","datePublished":"2021-03-03T10:54:46+00:00","dateModified":"2025-12-02T10:54:06+00:00","mainEntityOfPage":{"@id":"https:\/\/tlcdenia.com\/it\/las-fallas-spagna\/"},"wordCount":344,"commentCount":0,"image":{"@id":"https:\/\/tlcdenia.com\/it\/las-fallas-spagna\/#primaryimage"},"thumbnailUrl":"https:\/\/tlcdenia.com\/wp-content\/uploads\/2021\/07\/festa-fallas-spagna.jpg","articleSection":["CULTURA SPAGNOLA"],"inLanguage":"it-IT","potentialAction":[{"@type":"CommentAction","name":"Comment","target":["https:\/\/tlcdenia.com\/it\/las-fallas-spagna\/#respond"]}]},{"@type":"WebPage","@id":"https:\/\/tlcdenia.com\/it\/las-fallas-spagna\/","url":"https:\/\/tlcdenia.com\/it\/las-fallas-spagna\/","name":"Cosa solo Las Fallas? Domande frequenti della festa | TLCd\u00e9nia","isPartOf":{"@id":"https:\/\/tlcdenia.com\/it\/#website"},"primaryImageOfPage":{"@id":"https:\/\/tlcdenia.com\/it\/las-fallas-spagna\/#primaryimage"},"image":{"@id":"https:\/\/tlcdenia.com\/it\/las-fallas-spagna\/#primaryimage"},"thumbnailUrl":"https:\/\/tlcdenia.com\/wp-content\/uploads\/2021\/07\/festa-fallas-spagna.jpg","datePublished":"2021-03-03T10:54:46+00:00","dateModified":"2025-12-02T10:54:06+00:00","author":{"@id":"https:\/\/tlcdenia.com\/it\/#\/schema\/person\/0aa366bc9e603b32c37f10e5c3a9b091"},"description":"Las Fallas sono feste tradizionali in Spagnia di interesse turistico internazionale in diverse localit\u00e0 della Comunit\u00e0 Valenciana.","breadcrumb":{"@id":"https:\/\/tlcdenia.com\/it\/las-fallas-spagna\/#breadcrumb"},"inLanguage":"it-IT","potentialAction":[{"@type":"ReadAction","target":["https:\/\/tlcdenia.com\/it\/las-fallas-spagna\/"]}]},{"@type":"ImageObject","inLanguage":"it-IT","@id":"https:\/\/tlcdenia.com\/it\/las-fallas-spagna\/#primaryimage","url":"https:\/\/tlcdenia.com\/wp-content\/uploads\/2021\/07\/festa-fallas-spagna.jpg","contentUrl":"https:\/\/tlcdenia.com\/wp-content\/uploads\/2021\/07\/festa-fallas-spagna.jpg","width":900,"height":506,"caption":"festa fallas spagna"},{"@type":"BreadcrumbList","@id":"https:\/\/tlcdenia.com\/it\/las-fallas-spagna\/#breadcrumb","itemListElement":[{"@type":"ListItem","position":1,"name":"Home","item":"https:\/\/tlcdenia.com\/it\/"},{"@type":"ListItem","position":2,"name":"Cosa solo Las Fallas? Domande frequenti e vocabolario della festa"}]},{"@type":"WebSite","@id":"https:\/\/tlcdenia.com\/it\/#website","url":"https:\/\/tlcdenia.com\/it\/","name":"Scuola TLCd\u00e9nia - Sito ufficiale","description":"Languages Center","potentialAction":[{"@type":"SearchAction","target":{"@type":"EntryPoint","urlTemplate":"https:\/\/tlcdenia.com\/it\/?s={search_term_string}"},"query-input":{"@type":"PropertyValueSpecification","valueRequired":true,"valueName":"search_term_string"}}],"inLanguage":"it-IT"},{"@type":"Person","@id":"https:\/\/tlcdenia.com\/it\/#\/schema\/person\/0aa366bc9e603b32c37f10e5c3a9b091","name":"TLCd\u00e9nia"}]}},"_links":{"self":[{"href":"https:\/\/tlcdenia.com\/it\/wp-json\/wp\/v2\/posts\/33882","targetHints":{"allow":["GET"]}}],"collection":[{"href":"https:\/\/tlcdenia.com\/it\/wp-json\/wp\/v2\/posts"}],"about":[{"href":"https:\/\/tlcdenia.com\/it\/wp-json\/wp\/v2\/types\/post"}],"author":[{"embeddable":true,"href":"https:\/\/tlcdenia.com\/it\/wp-json\/wp\/v2\/users\/3"}],"replies":[{"embeddable":true,"href":"https:\/\/tlcdenia.com\/it\/wp-json\/wp\/v2\/comments?post=33882"}],"version-history":[{"count":11,"href":"https:\/\/tlcdenia.com\/it\/wp-json\/wp\/v2\/posts\/33882\/revisions"}],"predecessor-version":[{"id":111026,"href":"https:\/\/tlcdenia.com\/it\/wp-json\/wp\/v2\/posts\/33882\/revisions\/111026"}],"wp:featuredmedia":[{"embeddable":true,"href":"https:\/\/tlcdenia.com\/it\/wp-json\/wp\/v2\/media\/33886"}],"wp:attachment":[{"href":"https:\/\/tlcdenia.com\/it\/wp-json\/wp\/v2\/media?parent=33882"}],"wp:term":[{"taxonomy":"category","embeddable":true,"href":"https:\/\/tlcdenia.com\/it\/wp-json\/wp\/v2\/categories?post=33882"},{"taxonomy":"post_tag","embeddable":true,"href":"https:\/\/tlcdenia.com\/it\/wp-json\/wp\/v2\/tags?post=33882"}],"curies":[{"name":"wp","href":"https:\/\/api.w.org\/{rel}","templated":true}]}}