{"id":20201,"date":"2020-11-19T10:53:34","date_gmt":"2020-11-19T10:53:34","guid":{"rendered":"https:\/\/tlcdenia.xyz\/?p=20201"},"modified":"2022-10-04T13:53:13","modified_gmt":"2022-10-04T13:53:13","slug":"erreurs-communes-espagnol","status":"publish","type":"post","link":"https:\/\/tlcdenia.com\/fr\/erreurs-communes-espagnol\/","title":{"rendered":"Erreurs communes des \u00e9tudiants en espagnol"},"content":{"rendered":"\t\t<div data-elementor-type=\"wp-post\" data-elementor-id=\"20201\" class=\"elementor elementor-20201 elementor-7489\" data-elementor-post-type=\"post\">\n\t\t\t\t\t\t<section class=\"elementor-section elementor-top-section elementor-element elementor-element-16a7e80 elementor-section-boxed elementor-section-height-default elementor-section-height-default\" data-id=\"16a7e80\" data-element_type=\"section\" data-e-type=\"section\">\n\t\t\t\t\t\t<div class=\"elementor-container elementor-column-gap-default\">\n\t\t\t\t\t<div class=\"elementor-column elementor-col-100 elementor-top-column elementor-element elementor-element-722db76\" data-id=\"722db76\" data-element_type=\"column\" data-e-type=\"column\">\n\t\t\t<div class=\"elementor-widget-wrap elementor-element-populated\">\n\t\t\t\t\t\t<div class=\"elementor-element elementor-element-6c07e13 elementor-widget elementor-widget-text-editor\" data-id=\"6c07e13\" data-element_type=\"widget\" data-e-type=\"widget\" data-widget_type=\"text-editor.default\">\n\t\t\t\t<div class=\"elementor-widget-container\">\n\t\t\t\t\t\t\t\t\t<p>Il y a des erreurs que les \u00e9tudiants en espagnol font normalement. Si toi aussi tu les fais, j\u2019esp\u00e8re que cela t\u2019aidera \u00e0 les corriger !<\/p>\t\t\t\t\t\t\t\t<\/div>\n\t\t\t\t<\/div>\n\t\t\t\t\t<\/div>\n\t\t<\/div>\n\t\t\t\t\t<\/div>\n\t\t<\/section>\n\t\t\t\t<section class=\"elementor-section elementor-top-section elementor-element elementor-element-de4c1df elementor-section-boxed elementor-section-height-default elementor-section-height-default\" data-id=\"de4c1df\" data-element_type=\"section\" data-e-type=\"section\">\n\t\t\t\t\t\t<div class=\"elementor-container elementor-column-gap-default\">\n\t\t\t\t\t<div class=\"elementor-column elementor-col-100 elementor-top-column elementor-element elementor-element-761054d\" data-id=\"761054d\" data-element_type=\"column\" data-e-type=\"column\">\n\t\t\t<div class=\"elementor-widget-wrap elementor-element-populated\">\n\t\t\t\t\t\t<div class=\"elementor-element elementor-element-0d5033f elementor-widget elementor-widget-heading\" data-id=\"0d5033f\" data-element_type=\"widget\" data-e-type=\"widget\" data-widget_type=\"heading.default\">\n\t\t\t\t<div class=\"elementor-widget-container\">\n\t\t\t\t\t<h2 class=\"elementor-heading-title elementor-size-default\">1. VERBES SER ET ESTAR<\/h2>\t\t\t\t<\/div>\n\t\t\t\t<\/div>\n\t\t\t\t\t<\/div>\n\t\t<\/div>\n\t\t\t\t\t<\/div>\n\t\t<\/section>\n\t\t\t\t<section class=\"elementor-section elementor-top-section elementor-element elementor-element-4d041d8 elementor-section-boxed elementor-section-height-default elementor-section-height-default\" data-id=\"4d041d8\" data-element_type=\"section\" data-e-type=\"section\">\n\t\t\t\t\t\t<div class=\"elementor-container elementor-column-gap-default\">\n\t\t\t\t\t<div class=\"elementor-column elementor-col-100 elementor-top-column elementor-element elementor-element-38a4eaf\" data-id=\"38a4eaf\" data-element_type=\"column\" data-e-type=\"column\">\n\t\t\t<div class=\"elementor-widget-wrap elementor-element-populated\">\n\t\t\t\t\t\t<div class=\"elementor-element elementor-element-fc943a6 elementor-widget elementor-widget-text-editor\" data-id=\"fc943a6\" data-element_type=\"widget\" data-e-type=\"widget\" data-widget_type=\"text-editor.default\">\n\t\t\t\t<div class=\"elementor-widget-container\">\n\t\t\t\t\t\t\t\t\t<p>Pour les \u00e9tudiants en espagnol qui ont l\u2019habitude de confondre les verbes \u201cser\u201d et \u201cestar\u201d, nous vous l\u2019expliquons dans un article de notre blog sur la diff\u00e9rence entre ser et estar.<\/p>\t\t\t\t\t\t\t\t<\/div>\n\t\t\t\t<\/div>\n\t\t\t\t\t<\/div>\n\t\t<\/div>\n\t\t\t\t\t<\/div>\n\t\t<\/section>\n\t\t\t\t<section class=\"elementor-section elementor-top-section elementor-element elementor-element-f7f653f elementor-section-boxed elementor-section-height-default elementor-section-height-default\" data-id=\"f7f653f\" data-element_type=\"section\" data-e-type=\"section\">\n\t\t\t\t\t\t<div class=\"elementor-container elementor-column-gap-default\">\n\t\t\t\t\t<div class=\"elementor-column elementor-col-100 elementor-top-column elementor-element elementor-element-fa8b79e\" data-id=\"fa8b79e\" data-element_type=\"column\" data-e-type=\"column\">\n\t\t\t<div class=\"elementor-widget-wrap elementor-element-populated\">\n\t\t\t\t\t\t<div class=\"elementor-element elementor-element-309b787 elementor-widget elementor-widget-heading\" data-id=\"309b787\" data-element_type=\"widget\" data-e-type=\"widget\" data-widget_type=\"heading.default\">\n\t\t\t\t<div class=\"elementor-widget-container\">\n\t\t\t\t\t<h2 class=\"elementor-heading-title elementor-size-default\">Utilisation de \u00ab SER \u00bb<\/h2>\t\t\t\t<\/div>\n\t\t\t\t<\/div>\n\t\t\t\t\t<\/div>\n\t\t<\/div>\n\t\t\t\t\t<\/div>\n\t\t<\/section>\n\t\t\t\t<section class=\"elementor-section elementor-top-section elementor-element elementor-element-b7890ae elementor-section-boxed elementor-section-height-default elementor-section-height-default\" data-id=\"b7890ae\" data-element_type=\"section\" data-e-type=\"section\">\n\t\t\t\t\t\t<div class=\"elementor-container elementor-column-gap-default\">\n\t\t\t\t\t<div class=\"elementor-column elementor-col-100 elementor-top-column elementor-element elementor-element-768c49e\" data-id=\"768c49e\" data-element_type=\"column\" data-e-type=\"column\">\n\t\t\t<div class=\"elementor-widget-wrap elementor-element-populated\">\n\t\t\t\t\t\t<div class=\"elementor-element elementor-element-c47dbb3 elementor-widget elementor-widget-text-editor\" data-id=\"c47dbb3\" data-element_type=\"widget\" data-e-type=\"widget\" data-widget_type=\"text-editor.default\">\n\t\t\t\t<div class=\"elementor-widget-container\">\n\t\t\t\t\t\t\t\t\t<p>Ce sont les utilisations les plus communs du verbe SER :<br \/>Nom \/ origine ou nationalit\u00e9 et profession :\u00a0<strong>Soy<\/strong>\u00a0Clara. (Je suis Carla)<br \/>RELIGION : <strong>Soy<\/strong>\u00a0cat\u00f3lica. (Je suis catholique)<br \/>DEFINITION : Blanco <strong>es<\/strong>\u00a0un color. (Blanc est une couleur)<br \/>DESCRIPTION : <strong>Soy<\/strong>\u00a0alto. (Je suis grand)<br \/>DONNER L\u2019HEURE : <strong>Son<\/strong>\u00a0las 6 y media. (Il est 6 heures et demi)<br \/>LA DATE : Hoy <strong>es<\/strong> 26 de abril. (Aujourd\u2019hui on est le 26 avril)<br \/>DECRIRE LA MATI\u00c8RE : La mesa <strong>es<\/strong>\u00a0de madera. (La table est en bois)<br \/>PROPRI\u00c9T\u00c9 : El libro <strong>es<\/strong>\u00a0m\u00edo. (Le livre est \u00e0 moi)<br \/>PRIX : <strong>Son<\/strong>\u00a010 euros. (C\u2019est 10 euros)<br \/>VOIX PASSIVE : El Quijote <strong>fue<\/strong>\u00a0escrito por Cervantes.<\/p>\t\t\t\t\t\t\t\t<\/div>\n\t\t\t\t<\/div>\n\t\t\t\t\t<\/div>\n\t\t<\/div>\n\t\t\t\t\t<\/div>\n\t\t<\/section>\n\t\t\t\t<section class=\"elementor-section elementor-top-section elementor-element elementor-element-b631fcb elementor-section-boxed elementor-section-height-default elementor-section-height-default\" data-id=\"b631fcb\" data-element_type=\"section\" data-e-type=\"section\">\n\t\t\t\t\t\t<div class=\"elementor-container elementor-column-gap-default\">\n\t\t\t\t\t<div class=\"elementor-column elementor-col-100 elementor-top-column elementor-element elementor-element-aa630fb\" data-id=\"aa630fb\" data-element_type=\"column\" data-e-type=\"column\">\n\t\t\t<div class=\"elementor-widget-wrap elementor-element-populated\">\n\t\t\t\t\t\t<div class=\"elementor-element elementor-element-db439e8 elementor-widget elementor-widget-heading\" data-id=\"db439e8\" data-element_type=\"widget\" data-e-type=\"widget\" data-widget_type=\"heading.default\">\n\t\t\t\t<div class=\"elementor-widget-container\">\n\t\t\t\t\t<h2 class=\"elementor-heading-title elementor-size-default\">Utilisation de \u201cESTAR\u201d<\/h2>\t\t\t\t<\/div>\n\t\t\t\t<\/div>\n\t\t\t\t\t<\/div>\n\t\t<\/div>\n\t\t\t\t\t<\/div>\n\t\t<\/section>\n\t\t\t\t<section class=\"elementor-section elementor-top-section elementor-element elementor-element-ec469f6 elementor-section-boxed elementor-section-height-default elementor-section-height-default\" data-id=\"ec469f6\" data-element_type=\"section\" data-e-type=\"section\">\n\t\t\t\t\t\t<div class=\"elementor-container elementor-column-gap-default\">\n\t\t\t\t\t<div class=\"elementor-column elementor-col-100 elementor-top-column elementor-element elementor-element-efda920\" data-id=\"efda920\" data-element_type=\"column\" data-e-type=\"column\">\n\t\t\t<div class=\"elementor-widget-wrap elementor-element-populated\">\n\t\t\t\t\t\t<div class=\"elementor-element elementor-element-897806d elementor-widget elementor-widget-text-editor\" data-id=\"897806d\" data-element_type=\"widget\" data-e-type=\"widget\" data-widget_type=\"text-editor.default\">\n\t\t\t\t<div class=\"elementor-widget-container\">\n\t\t\t\t\t\t\t\t\t<p>LOCALISATION : D\u00e9nia <strong>est\u00e1<\/strong>* en Espa\u00f1a. (D\u00e9nia est en Espagne) (*Exception: situer un \u00e9v\u00e8nement: \u00bfd\u00f3nde es el cumplea\u00f1os? \/ o\u00fa est l\u2019anniversaire ?)<br \/>ETRE PR\u00c9SENT : \u00bf<strong>Est\u00e1s<\/strong> en el cine? (Tu es au cin\u00e9ma?)<br \/>ETRE PR\u00caT : \u00bfCu\u00e1ndo <strong>estar\u00e1n<\/strong> los resultados de las pruebas m\u00e9dicas? (C\u2019est pour quand les r\u00e9sultats des tests m\u00e9dicaux ?)<br \/>ESTAR + GERONDIF : <strong>Estoy<\/strong>\u00a0aprendiendo espa\u00f1ol. (J\u2019apprends l\u2019espagnol)<\/p><p>Tu peux trouver les exceptions et plus d\u2019informations dans notre article sur comment utiliser ser et estar en espagnol.<\/p><p>T\u00e9l\u00e9charge ici l\u2019image avec un r\u00e9sumer des diff\u00e9rences basiques des verbes ser et estar :<\/p>\t\t\t\t\t\t\t\t<\/div>\n\t\t\t\t<\/div>\n\t\t\t\t\t<\/div>\n\t\t<\/div>\n\t\t\t\t\t<\/div>\n\t\t<\/section>\n\t\t\t\t<section class=\"elementor-section elementor-top-section elementor-element elementor-element-e0ab954 elementor-section-boxed elementor-section-height-default elementor-section-height-default\" data-id=\"e0ab954\" data-element_type=\"section\" data-e-type=\"section\">\n\t\t\t\t\t\t<div class=\"elementor-container elementor-column-gap-default\">\n\t\t\t\t\t<div class=\"elementor-column elementor-col-100 elementor-top-column elementor-element elementor-element-de07d0b\" data-id=\"de07d0b\" data-element_type=\"column\" data-e-type=\"column\">\n\t\t\t<div class=\"elementor-widget-wrap elementor-element-populated\">\n\t\t\t\t\t\t<div class=\"elementor-element elementor-element-0fa4a66 elementor-widget elementor-widget-image\" data-id=\"0fa4a66\" data-element_type=\"widget\" data-e-type=\"widget\" data-widget_type=\"image.default\">\n\t\t\t\t<div class=\"elementor-widget-container\">\n\t\t\t\t\t\t\t\t\t\t\t\t\t\t\t<img fetchpriority=\"high\" decoding=\"async\" width=\"640\" height=\"537\" src=\"https:\/\/tlcdenia.com\/wp-content\/uploads\/2020\/10\/Ser-et-estar.png\" class=\"attachment-large size-large wp-image-20235\" alt=\"Conjugaison ser et \u00eatre\" srcset=\"https:\/\/tlcdenia.com\/wp-content\/uploads\/2020\/10\/Ser-et-estar.png 940w, https:\/\/tlcdenia.com\/wp-content\/uploads\/2020\/10\/Ser-et-estar-300x251.png 300w, https:\/\/tlcdenia.com\/wp-content\/uploads\/2020\/10\/Ser-et-estar-768x644.png 768w\" sizes=\"(max-width: 640px) 100vw, 640px\" \/>\t\t\t\t\t\t\t\t\t\t\t\t\t\t\t<\/div>\n\t\t\t\t<\/div>\n\t\t\t\t\t<\/div>\n\t\t<\/div>\n\t\t\t\t\t<\/div>\n\t\t<\/section>\n\t\t\t\t<section class=\"elementor-section elementor-top-section elementor-element elementor-element-15f6876 elementor-section-boxed elementor-section-height-default elementor-section-height-default\" data-id=\"15f6876\" data-element_type=\"section\" data-e-type=\"section\">\n\t\t\t\t\t\t<div class=\"elementor-container elementor-column-gap-default\">\n\t\t\t\t\t<div class=\"elementor-column elementor-col-100 elementor-top-column elementor-element elementor-element-34d7463\" data-id=\"34d7463\" data-element_type=\"column\" data-e-type=\"column\">\n\t\t\t<div class=\"elementor-widget-wrap elementor-element-populated\">\n\t\t\t\t\t\t<div class=\"elementor-element elementor-element-cc9d180 elementor-widget elementor-widget-heading\" data-id=\"cc9d180\" data-element_type=\"widget\" data-e-type=\"widget\" data-widget_type=\"heading.default\">\n\t\t\t\t<div class=\"elementor-widget-container\">\n\t\t\t\t\t<h2 class=\"elementor-heading-title elementor-size-default\">2. CONFUSION DE \u201cPOR\u201d ET \u201cPARA\u201d<\/h2>\t\t\t\t<\/div>\n\t\t\t\t<\/div>\n\t\t\t\t\t<\/div>\n\t\t<\/div>\n\t\t\t\t\t<\/div>\n\t\t<\/section>\n\t\t\t\t<section class=\"elementor-section elementor-top-section elementor-element elementor-element-3c84d61 elementor-section-boxed elementor-section-height-default elementor-section-height-default\" data-id=\"3c84d61\" data-element_type=\"section\" data-e-type=\"section\">\n\t\t\t\t\t\t<div class=\"elementor-container elementor-column-gap-default\">\n\t\t\t\t\t<div class=\"elementor-column elementor-col-100 elementor-top-column elementor-element elementor-element-f712040\" data-id=\"f712040\" data-element_type=\"column\" data-e-type=\"column\">\n\t\t\t<div class=\"elementor-widget-wrap elementor-element-populated\">\n\t\t\t\t\t\t<div class=\"elementor-element elementor-element-cca5ab6 elementor-widget elementor-widget-text-editor\" data-id=\"cca5ab6\" data-element_type=\"widget\" data-e-type=\"widget\" data-widget_type=\"text-editor.default\">\n\t\t\t\t<div class=\"elementor-widget-container\">\n\t\t\t\t\t\t\t\t\t<p>Une autre confusion r\u00e9guli\u00e8rement faite par les \u00e9tudiants d\u2019espagnol : savoir quand utiliser la pr\u00e9position \u201cpor\u201d et quand utiliser \u201cpara\u201d<br \/>Par exemple : \u201cHe estado tres semanas en Denia\u00a0\u00bb. (\u201cNo he estado por tres semanas en Denia\u201d)<\/p>\t\t\t\t\t\t\t\t<\/div>\n\t\t\t\t<\/div>\n\t\t\t\t\t<\/div>\n\t\t<\/div>\n\t\t\t\t\t<\/div>\n\t\t<\/section>\n\t\t\t\t<section class=\"elementor-section elementor-top-section elementor-element elementor-element-0e48e49 elementor-section-boxed elementor-section-height-default elementor-section-height-default\" data-id=\"0e48e49\" data-element_type=\"section\" data-e-type=\"section\">\n\t\t\t\t\t\t<div class=\"elementor-container elementor-column-gap-default\">\n\t\t\t\t\t<div class=\"elementor-column elementor-col-100 elementor-top-column elementor-element elementor-element-97bfaea\" data-id=\"97bfaea\" data-element_type=\"column\" data-e-type=\"column\">\n\t\t\t<div class=\"elementor-widget-wrap elementor-element-populated\">\n\t\t\t\t\t\t<div class=\"elementor-element elementor-element-37f70a3 elementor-widget elementor-widget-heading\" data-id=\"37f70a3\" data-element_type=\"widget\" data-e-type=\"widget\" data-widget_type=\"heading.default\">\n\t\t\t\t<div class=\"elementor-widget-container\">\n\t\t\t\t\t<h2 class=\"elementor-heading-title elementor-size-default\">Utilisation de \"POR\"<\/h2>\t\t\t\t<\/div>\n\t\t\t\t<\/div>\n\t\t\t\t\t<\/div>\n\t\t<\/div>\n\t\t\t\t\t<\/div>\n\t\t<\/section>\n\t\t\t\t<section class=\"elementor-section elementor-top-section elementor-element elementor-element-47cd8b9 elementor-section-boxed elementor-section-height-default elementor-section-height-default\" data-id=\"47cd8b9\" data-element_type=\"section\" data-e-type=\"section\">\n\t\t\t\t\t\t<div class=\"elementor-container elementor-column-gap-default\">\n\t\t\t\t\t<div class=\"elementor-column elementor-col-100 elementor-top-column elementor-element elementor-element-0dd496f\" data-id=\"0dd496f\" data-element_type=\"column\" data-e-type=\"column\">\n\t\t\t<div class=\"elementor-widget-wrap elementor-element-populated\">\n\t\t\t\t\t\t<div class=\"elementor-element elementor-element-9001c34 elementor-widget elementor-widget-text-editor\" data-id=\"9001c34\" data-element_type=\"widget\" data-e-type=\"widget\" data-widget_type=\"text-editor.default\">\n\t\t\t\t<div class=\"elementor-widget-container\">\n\t\t\t\t\t\t\t\t\t<p>CAUSE : No hizo el examen <strong>por<\/strong> miedo a suspender (Je n\u2019ai pas fait l\u2019examen par peur d\u2019\u00eatre suspendue)<br \/>TEMPS : Vuelve a casa <strong>por<\/strong>\u00a0Navidad \/\u00a0<strong>Por<\/strong> la ma\u00f1ana \/tarde\/ noche. (Reviens \u00e0 la maison pour no\u00ebl \/ dans la matin\u00e9e \/ dans l\u2019apr\u00e8s-midi \/ dans la soir\u00e9e.)<br \/>LIEU INCONNU : El parque est\u00e1 <strong>por<\/strong> la Avenida Espa\u00f1a. (Le parc est \u00e0 Avenida Espa\u00f1a)<br \/>MOYEN : Hablar <strong>por<\/strong>\u00a0tel\u00e9fono\/ Skype (Parler par t\u00e9l\u00e9phone \/ Skype)<br \/>ACHAT OU \u00c9CHANGE : Te cambio mi m\u00f3vil <strong>por<\/strong>\u00a0el tuyo. \/ He comprado un diccionario\u00a0<strong>por<\/strong> 5 euros. (J\u2019\u00e9change mon t\u00e9l\u00e9phone avec le tiens \/ j\u2019ai achet\u00e9 un dictionnaire pour 5 euros)<br \/>DISTRIBUTION : Se reparte un plato <strong>por<\/strong> persona. (Il donne un plat par personne)<\/p>\t\t\t\t\t\t\t\t<\/div>\n\t\t\t\t<\/div>\n\t\t\t\t\t<\/div>\n\t\t<\/div>\n\t\t\t\t\t<\/div>\n\t\t<\/section>\n\t\t\t\t<section class=\"elementor-section elementor-top-section elementor-element elementor-element-836abde elementor-section-boxed elementor-section-height-default elementor-section-height-default\" data-id=\"836abde\" data-element_type=\"section\" data-e-type=\"section\">\n\t\t\t\t\t\t<div class=\"elementor-container elementor-column-gap-default\">\n\t\t\t\t\t<div class=\"elementor-column elementor-col-100 elementor-top-column elementor-element elementor-element-297f785\" data-id=\"297f785\" data-element_type=\"column\" data-e-type=\"column\">\n\t\t\t<div class=\"elementor-widget-wrap elementor-element-populated\">\n\t\t\t\t\t\t<div class=\"elementor-element elementor-element-4e8ee13 elementor-widget elementor-widget-heading\" data-id=\"4e8ee13\" data-element_type=\"widget\" data-e-type=\"widget\" data-widget_type=\"heading.default\">\n\t\t\t\t<div class=\"elementor-widget-container\">\n\t\t\t\t\t<h2 class=\"elementor-heading-title elementor-size-default\">Utilisation de \u201cPARA\u201d<\/h2>\t\t\t\t<\/div>\n\t\t\t\t<\/div>\n\t\t\t\t\t<\/div>\n\t\t<\/div>\n\t\t\t\t\t<\/div>\n\t\t<\/section>\n\t\t\t\t<section class=\"elementor-section elementor-top-section elementor-element elementor-element-10929b4 elementor-section-boxed elementor-section-height-default elementor-section-height-default\" data-id=\"10929b4\" data-element_type=\"section\" data-e-type=\"section\">\n\t\t\t\t\t\t<div class=\"elementor-container elementor-column-gap-default\">\n\t\t\t\t\t<div class=\"elementor-column elementor-col-100 elementor-top-column elementor-element elementor-element-0b5148a\" data-id=\"0b5148a\" data-element_type=\"column\" data-e-type=\"column\">\n\t\t\t<div class=\"elementor-widget-wrap elementor-element-populated\">\n\t\t\t\t\t\t<div class=\"elementor-element elementor-element-029e2c0 elementor-widget elementor-widget-text-editor\" data-id=\"029e2c0\" data-element_type=\"widget\" data-e-type=\"widget\" data-widget_type=\"text-editor.default\">\n\t\t\t\t<div class=\"elementor-widget-container\">\n\t\t\t\t\t\t\t\t\t<p>FINALIT\u00c9 : Estudio espa\u00f1ol <strong>para<\/strong> viajar. (J\u2019\u00e9tudie l\u2019espagnol pour voyager)<br \/>DESTINATAIRE : Este regalo es <strong>para<\/strong> mi amiga. (Ce cadeau est pour mon amie)<br \/>DIRECTION : Voy <strong>para<\/strong> D\u00e9nia. (Je vais \u00e0 D\u00e9nia)<br \/>D\u00c9LAIS: El trabajo final es\u00a0<strong>para<\/strong> el martes. (Le travail final est pour mardi)<br \/>OPINION:\u00a0<strong>Para<\/strong> m\u00ed la mejor playa de D\u00e9nia es Els Molins. (Pour moi la meilleure plage de D\u00e9nia est Els Molins)<\/p><p>T\u00e9l\u00e9charge cette image qui peut \u00eatre utils\u00e9e pour comprendre la diff\u00e9rence entre les pr\u00e9positions POR et PARA :<\/p>\t\t\t\t\t\t\t\t<\/div>\n\t\t\t\t<\/div>\n\t\t\t\t\t<\/div>\n\t\t<\/div>\n\t\t\t\t\t<\/div>\n\t\t<\/section>\n\t\t\t\t<section class=\"elementor-section elementor-top-section elementor-element elementor-element-39cad3e elementor-section-boxed elementor-section-height-default elementor-section-height-default\" data-id=\"39cad3e\" data-element_type=\"section\" data-e-type=\"section\">\n\t\t\t\t\t\t<div class=\"elementor-container elementor-column-gap-default\">\n\t\t\t\t\t<div class=\"elementor-column elementor-col-100 elementor-top-column elementor-element elementor-element-441c9f3\" data-id=\"441c9f3\" data-element_type=\"column\" data-e-type=\"column\">\n\t\t\t<div class=\"elementor-widget-wrap elementor-element-populated\">\n\t\t\t\t\t\t<div class=\"elementor-element elementor-element-1bbdaec elementor-widget elementor-widget-image\" data-id=\"1bbdaec\" data-element_type=\"widget\" data-e-type=\"widget\" data-widget_type=\"image.default\">\n\t\t\t\t<div class=\"elementor-widget-container\">\n\t\t\t\t\t\t\t\t\t\t\t\t\t\t\t<img decoding=\"async\" width=\"640\" height=\"453\" src=\"https:\/\/tlcdenia.com\/wp-content\/uploads\/2020\/10\/por-et-para-espagnol-1024x724.jpg\" class=\"attachment-large size-large wp-image-20548\" alt=\"por et para espagnol\" srcset=\"https:\/\/tlcdenia.com\/wp-content\/uploads\/2020\/10\/por-et-para-espagnol-1024x724.jpg 1024w, https:\/\/tlcdenia.com\/wp-content\/uploads\/2020\/10\/por-et-para-espagnol-300x212.jpg 300w, https:\/\/tlcdenia.com\/wp-content\/uploads\/2020\/10\/por-et-para-espagnol-768x543.jpg 768w, https:\/\/tlcdenia.com\/wp-content\/uploads\/2020\/10\/por-et-para-espagnol.jpg 1169w\" sizes=\"(max-width: 640px) 100vw, 640px\" \/>\t\t\t\t\t\t\t\t\t\t\t\t\t\t\t<\/div>\n\t\t\t\t<\/div>\n\t\t\t\t\t<\/div>\n\t\t<\/div>\n\t\t\t\t\t<\/div>\n\t\t<\/section>\n\t\t\t\t<section class=\"elementor-section elementor-top-section elementor-element elementor-element-b37bc37 elementor-section-boxed elementor-section-height-default elementor-section-height-default\" data-id=\"b37bc37\" data-element_type=\"section\" data-e-type=\"section\">\n\t\t\t\t\t\t<div class=\"elementor-container elementor-column-gap-default\">\n\t\t\t\t\t<div class=\"elementor-column elementor-col-100 elementor-top-column elementor-element elementor-element-0576eb6\" data-id=\"0576eb6\" data-element_type=\"column\" data-e-type=\"column\">\n\t\t\t<div class=\"elementor-widget-wrap elementor-element-populated\">\n\t\t\t\t\t\t<div class=\"elementor-element elementor-element-69259a5 elementor-widget elementor-widget-heading\" data-id=\"69259a5\" data-element_type=\"widget\" data-e-type=\"widget\" data-widget_type=\"heading.default\">\n\t\t\t\t<div class=\"elementor-widget-container\">\n\t\t\t\t\t<h2 class=\"elementor-heading-title elementor-size-default\">3. EL G\u00c9NERO<\/h2>\t\t\t\t<\/div>\n\t\t\t\t<\/div>\n\t\t\t\t\t<\/div>\n\t\t<\/div>\n\t\t\t\t\t<\/div>\n\t\t<\/section>\n\t\t\t\t<section class=\"elementor-section elementor-top-section elementor-element elementor-element-67f1009 elementor-section-boxed elementor-section-height-default elementor-section-height-default\" data-id=\"67f1009\" data-element_type=\"section\" data-e-type=\"section\">\n\t\t\t\t\t\t<div class=\"elementor-container elementor-column-gap-default\">\n\t\t\t\t\t<div class=\"elementor-column elementor-col-100 elementor-top-column elementor-element elementor-element-e0fd0dd\" data-id=\"e0fd0dd\" data-element_type=\"column\" data-e-type=\"column\">\n\t\t\t<div class=\"elementor-widget-wrap elementor-element-populated\">\n\t\t\t\t\t\t<div class=\"elementor-element elementor-element-a2780af elementor-widget elementor-widget-heading\" data-id=\"a2780af\" data-element_type=\"widget\" data-e-type=\"widget\" data-widget_type=\"heading.default\">\n\t\t\t\t<div class=\"elementor-widget-container\">\n\t\t\t\t\t<h2 class=\"elementor-heading-title elementor-size-default\">Le f\u00e9minin :<\/h2>\t\t\t\t<\/div>\n\t\t\t\t<\/div>\n\t\t\t\t\t<\/div>\n\t\t<\/div>\n\t\t\t\t\t<\/div>\n\t\t<\/section>\n\t\t\t\t<section class=\"elementor-section elementor-top-section elementor-element elementor-element-7027d7d elementor-section-boxed elementor-section-height-default elementor-section-height-default\" data-id=\"7027d7d\" data-element_type=\"section\" data-e-type=\"section\">\n\t\t\t\t\t\t<div class=\"elementor-container elementor-column-gap-default\">\n\t\t\t\t\t<div class=\"elementor-column elementor-col-100 elementor-top-column elementor-element elementor-element-5854711\" data-id=\"5854711\" data-element_type=\"column\" data-e-type=\"column\">\n\t\t\t<div class=\"elementor-widget-wrap elementor-element-populated\">\n\t\t\t\t\t\t<div class=\"elementor-element elementor-element-458ebf3 elementor-widget elementor-widget-text-editor\" data-id=\"458ebf3\" data-element_type=\"widget\" data-e-type=\"widget\" data-widget_type=\"text-editor.default\">\n\t\t\t\t<div class=\"elementor-widget-container\">\n\t\t\t\t\t\t\t\t\t<p>G\u00e9n\u00e9ralement les noms qui terminent en -A -DAD -CI\u00d3N sont f\u00e9minins :<br \/>La chica \u2013 la felicidad \u2013 la canci\u00f3n<br \/>Mais il y a des exceptions : mots masculin qui terminent en -a :<br \/>El problema \u2013 el mapa \u2013 el poema \u2013 el tema \u2013 el sof\u00e1 \u2013 el clima \u2013 el planeta \u2013 el diploma<\/p><p>T\u00e9l\u00e9charge ici l\u2019image des noms f\u00e9minins :<\/p>\t\t\t\t\t\t\t\t<\/div>\n\t\t\t\t<\/div>\n\t\t\t\t\t<\/div>\n\t\t<\/div>\n\t\t\t\t\t<\/div>\n\t\t<\/section>\n\t\t\t\t<section class=\"elementor-section elementor-top-section elementor-element elementor-element-227a6bd elementor-section-boxed elementor-section-height-default elementor-section-height-default\" data-id=\"227a6bd\" data-element_type=\"section\" data-e-type=\"section\">\n\t\t\t\t\t\t<div class=\"elementor-container elementor-column-gap-default\">\n\t\t\t\t\t<div class=\"elementor-column elementor-col-100 elementor-top-column elementor-element elementor-element-07e6bd2\" data-id=\"07e6bd2\" data-element_type=\"column\" data-e-type=\"column\">\n\t\t\t<div class=\"elementor-widget-wrap elementor-element-populated\">\n\t\t\t\t\t\t<div class=\"elementor-element elementor-element-ec21b19 elementor-widget elementor-widget-image\" data-id=\"ec21b19\" data-element_type=\"widget\" data-e-type=\"widget\" data-widget_type=\"image.default\">\n\t\t\t\t<div class=\"elementor-widget-container\">\n\t\t\t\t\t\t\t\t\t\t\t\t\t\t\t<img decoding=\"async\" width=\"640\" height=\"537\" src=\"https:\/\/tlcdenia.com\/wp-content\/uploads\/2020\/10\/Feminin-terminaisons.png\" class=\"attachment-large size-large wp-image-20241\" alt=\"\" srcset=\"https:\/\/tlcdenia.com\/wp-content\/uploads\/2020\/10\/Feminin-terminaisons.png 940w, https:\/\/tlcdenia.com\/wp-content\/uploads\/2020\/10\/Feminin-terminaisons-300x251.png 300w, https:\/\/tlcdenia.com\/wp-content\/uploads\/2020\/10\/Feminin-terminaisons-768x644.png 768w\" sizes=\"(max-width: 640px) 100vw, 640px\" \/>\t\t\t\t\t\t\t\t\t\t\t\t\t\t\t<\/div>\n\t\t\t\t<\/div>\n\t\t\t\t\t<\/div>\n\t\t<\/div>\n\t\t\t\t\t<\/div>\n\t\t<\/section>\n\t\t\t\t<section class=\"elementor-section elementor-top-section elementor-element elementor-element-e7045ca elementor-section-boxed elementor-section-height-default elementor-section-height-default\" data-id=\"e7045ca\" data-element_type=\"section\" data-e-type=\"section\">\n\t\t\t\t\t\t<div class=\"elementor-container elementor-column-gap-default\">\n\t\t\t\t\t<div class=\"elementor-column elementor-col-100 elementor-top-column elementor-element elementor-element-00b9c71\" data-id=\"00b9c71\" data-element_type=\"column\" data-e-type=\"column\">\n\t\t\t<div class=\"elementor-widget-wrap elementor-element-populated\">\n\t\t\t\t\t\t<div class=\"elementor-element elementor-element-102a706 elementor-widget elementor-widget-heading\" data-id=\"102a706\" data-element_type=\"widget\" data-e-type=\"widget\" data-widget_type=\"heading.default\">\n\t\t\t\t<div class=\"elementor-widget-container\">\n\t\t\t\t\t<h2 class=\"elementor-heading-title elementor-size-default\">Le masculin :<\/h2>\t\t\t\t<\/div>\n\t\t\t\t<\/div>\n\t\t\t\t\t<\/div>\n\t\t<\/div>\n\t\t\t\t\t<\/div>\n\t\t<\/section>\n\t\t\t\t<section class=\"elementor-section elementor-top-section elementor-element elementor-element-b2c8490 elementor-section-boxed elementor-section-height-default elementor-section-height-default\" data-id=\"b2c8490\" data-element_type=\"section\" data-e-type=\"section\">\n\t\t\t\t\t\t<div class=\"elementor-container elementor-column-gap-default\">\n\t\t\t\t\t<div class=\"elementor-column elementor-col-100 elementor-top-column elementor-element elementor-element-2a16a91\" data-id=\"2a16a91\" data-element_type=\"column\" data-e-type=\"column\">\n\t\t\t<div class=\"elementor-widget-wrap elementor-element-populated\">\n\t\t\t\t\t\t<div class=\"elementor-element elementor-element-bf4ae7c elementor-widget elementor-widget-text-editor\" data-id=\"bf4ae7c\" data-element_type=\"widget\" data-e-type=\"widget\" data-widget_type=\"text-editor.default\">\n\t\t\t\t<div class=\"elementor-widget-container\">\n\t\t\t\t\t\t\t\t\t<p>Les noms masculins terminent normalement en -o et certains en -e.<br \/>El ni\u00f1o \u2013 el libro \u2013 el coche<br \/>Il y a des exceptions : mots f\u00e9minins qui terminent en -o.<br \/>La moto \u2013 la foto<\/p><p>T\u00e9l\u00e9charge ici l\u2019image des noms masculins :<\/p><p>Tr\u00e8s utile pour les m\u00e9moriser !<\/p>\t\t\t\t\t\t\t\t<\/div>\n\t\t\t\t<\/div>\n\t\t\t\t\t<\/div>\n\t\t<\/div>\n\t\t\t\t\t<\/div>\n\t\t<\/section>\n\t\t\t\t<section class=\"elementor-section elementor-top-section elementor-element elementor-element-a1ccab9 elementor-section-boxed elementor-section-height-default elementor-section-height-default\" data-id=\"a1ccab9\" data-element_type=\"section\" data-e-type=\"section\">\n\t\t\t\t\t\t<div class=\"elementor-container elementor-column-gap-default\">\n\t\t\t\t\t<div class=\"elementor-column elementor-col-100 elementor-top-column elementor-element elementor-element-68fe52e\" data-id=\"68fe52e\" data-element_type=\"column\" data-e-type=\"column\">\n\t\t\t<div class=\"elementor-widget-wrap elementor-element-populated\">\n\t\t\t\t\t\t<div class=\"elementor-element elementor-element-a530a8d elementor-widget elementor-widget-image\" data-id=\"a530a8d\" data-element_type=\"widget\" data-e-type=\"widget\" data-widget_type=\"image.default\">\n\t\t\t\t<div class=\"elementor-widget-container\">\n\t\t\t\t\t\t\t\t\t\t\t\t\t\t\t<img loading=\"lazy\" decoding=\"async\" width=\"640\" height=\"537\" src=\"https:\/\/tlcdenia.com\/wp-content\/uploads\/2020\/10\/Malsculin-terminaisons.png\" class=\"attachment-large size-large wp-image-20247\" alt=\"Conjugaison terminaison masculin\" srcset=\"https:\/\/tlcdenia.com\/wp-content\/uploads\/2020\/10\/Malsculin-terminaisons.png 940w, https:\/\/tlcdenia.com\/wp-content\/uploads\/2020\/10\/Malsculin-terminaisons-300x251.png 300w, https:\/\/tlcdenia.com\/wp-content\/uploads\/2020\/10\/Malsculin-terminaisons-768x644.png 768w\" sizes=\"(max-width: 640px) 100vw, 640px\" \/>\t\t\t\t\t\t\t\t\t\t\t\t\t\t\t<\/div>\n\t\t\t\t<\/div>\n\t\t\t\t\t<\/div>\n\t\t<\/div>\n\t\t\t\t\t<\/div>\n\t\t<\/section>\n\t\t\t\t<section class=\"elementor-section elementor-top-section elementor-element elementor-element-6aba92d elementor-section-boxed elementor-section-height-default elementor-section-height-default\" data-id=\"6aba92d\" data-element_type=\"section\" data-e-type=\"section\">\n\t\t\t\t\t\t<div class=\"elementor-container elementor-column-gap-default\">\n\t\t\t\t\t<div class=\"elementor-column elementor-col-100 elementor-top-column elementor-element elementor-element-0793880\" data-id=\"0793880\" data-element_type=\"column\" data-e-type=\"column\">\n\t\t\t<div class=\"elementor-widget-wrap elementor-element-populated\">\n\t\t\t\t\t\t<div class=\"elementor-element elementor-element-3b2dd2f elementor-widget elementor-widget-heading\" data-id=\"3b2dd2f\" data-element_type=\"widget\" data-e-type=\"widget\" data-widget_type=\"heading.default\">\n\t\t\t\t<div class=\"elementor-widget-container\">\n\t\t\t\t\t<h2 class=\"elementor-heading-title elementor-size-default\">3. \u00ab RECORDAR \u00bb et \u00ab ACORDARSE \u00bb<\/h2>\t\t\t\t<\/div>\n\t\t\t\t<\/div>\n\t\t\t\t\t<\/div>\n\t\t<\/div>\n\t\t\t\t\t<\/div>\n\t\t<\/section>\n\t\t\t\t<section class=\"elementor-section elementor-top-section elementor-element elementor-element-fdc7f70 elementor-section-boxed elementor-section-height-default elementor-section-height-default\" data-id=\"fdc7f70\" data-element_type=\"section\" data-e-type=\"section\">\n\t\t\t\t\t\t<div class=\"elementor-container elementor-column-gap-default\">\n\t\t\t\t\t<div class=\"elementor-column elementor-col-100 elementor-top-column elementor-element elementor-element-952ff6a\" data-id=\"952ff6a\" data-element_type=\"column\" data-e-type=\"column\">\n\t\t\t<div class=\"elementor-widget-wrap elementor-element-populated\">\n\t\t\t\t\t\t<div class=\"elementor-element elementor-element-6b9ffee elementor-widget elementor-widget-text-editor\" data-id=\"6b9ffee\" data-element_type=\"widget\" data-e-type=\"widget\" data-widget_type=\"text-editor.default\">\n\t\t\t\t<div class=\"elementor-widget-container\">\n\t\t\t\t\t\t\t\t\t<p>Recordar ALGO. No recuerdo tu nombre. (Je ne retiens pas ton nom)<br \/>Acordarse DE algo. No ME acuerdo DE tu nombre. (Je ne me rappelle pas de ton nom)<\/p><p>T\u00e9l\u00e9charge ici l\u2019image avec la diff\u00e9rence entre RECORDAR et ACORDARSE.<\/p>\t\t\t\t\t\t\t\t<\/div>\n\t\t\t\t<\/div>\n\t\t\t\t\t<\/div>\n\t\t<\/div>\n\t\t\t\t\t<\/div>\n\t\t<\/section>\n\t\t\t\t<section class=\"elementor-section elementor-top-section elementor-element elementor-element-aef7a49 elementor-section-boxed elementor-section-height-default elementor-section-height-default\" data-id=\"aef7a49\" data-element_type=\"section\" data-e-type=\"section\">\n\t\t\t\t\t\t<div class=\"elementor-container elementor-column-gap-default\">\n\t\t\t\t\t<div class=\"elementor-column elementor-col-100 elementor-top-column elementor-element elementor-element-55301b2\" data-id=\"55301b2\" data-element_type=\"column\" data-e-type=\"column\">\n\t\t\t<div class=\"elementor-widget-wrap elementor-element-populated\">\n\t\t\t\t\t\t<div class=\"elementor-element elementor-element-23fca3b elementor-widget elementor-widget-image\" data-id=\"23fca3b\" data-element_type=\"widget\" data-e-type=\"widget\" data-widget_type=\"image.default\">\n\t\t\t\t<div class=\"elementor-widget-container\">\n\t\t\t\t\t\t\t\t\t\t\t\t\t\t\t<img loading=\"lazy\" decoding=\"async\" width=\"640\" height=\"537\" src=\"https:\/\/tlcdenia.com\/wp-content\/uploads\/2020\/10\/Recordar-Acordarse-difference.png\" class=\"attachment-large size-large wp-image-20253\" alt=\"Diff\u00e9rences verbes\" srcset=\"https:\/\/tlcdenia.com\/wp-content\/uploads\/2020\/10\/Recordar-Acordarse-difference.png 940w, https:\/\/tlcdenia.com\/wp-content\/uploads\/2020\/10\/Recordar-Acordarse-difference-300x251.png 300w, https:\/\/tlcdenia.com\/wp-content\/uploads\/2020\/10\/Recordar-Acordarse-difference-768x644.png 768w\" sizes=\"(max-width: 640px) 100vw, 640px\" \/>\t\t\t\t\t\t\t\t\t\t\t\t\t\t\t<\/div>\n\t\t\t\t<\/div>\n\t\t\t\t\t<\/div>\n\t\t<\/div>\n\t\t\t\t\t<\/div>\n\t\t<\/section>\n\t\t\t\t<section class=\"elementor-section elementor-top-section elementor-element elementor-element-163021b elementor-section-boxed elementor-section-height-default elementor-section-height-default\" data-id=\"163021b\" data-element_type=\"section\" data-e-type=\"section\">\n\t\t\t\t\t\t<div class=\"elementor-container elementor-column-gap-default\">\n\t\t\t\t\t<div class=\"elementor-column elementor-col-100 elementor-top-column elementor-element elementor-element-1759369\" data-id=\"1759369\" data-element_type=\"column\" data-e-type=\"column\">\n\t\t\t<div class=\"elementor-widget-wrap elementor-element-populated\">\n\t\t\t\t\t\t<div class=\"elementor-element elementor-element-e99d11a elementor-widget elementor-widget-heading\" data-id=\"e99d11a\" data-element_type=\"widget\" data-e-type=\"widget\" data-widget_type=\"heading.default\">\n\t\t\t\t<div class=\"elementor-widget-container\">\n\t\t\t\t\t<h2 class=\"elementor-heading-title elementor-size-default\">4. FAUX AMIS<\/h2>\t\t\t\t<\/div>\n\t\t\t\t<\/div>\n\t\t\t\t\t<\/div>\n\t\t<\/div>\n\t\t\t\t\t<\/div>\n\t\t<\/section>\n\t\t\t\t<section class=\"elementor-section elementor-top-section elementor-element elementor-element-a388c84 elementor-section-boxed elementor-section-height-default elementor-section-height-default\" data-id=\"a388c84\" data-element_type=\"section\" data-e-type=\"section\">\n\t\t\t\t\t\t<div class=\"elementor-container elementor-column-gap-default\">\n\t\t\t\t\t<div class=\"elementor-column elementor-col-100 elementor-top-column elementor-element elementor-element-8d720f5\" data-id=\"8d720f5\" data-element_type=\"column\" data-e-type=\"column\">\n\t\t\t<div class=\"elementor-widget-wrap elementor-element-populated\">\n\t\t\t\t\t\t<div class=\"elementor-element elementor-element-d567427 elementor-widget elementor-widget-text-editor\" data-id=\"d567427\" data-element_type=\"widget\" data-e-type=\"widget\" data-widget_type=\"text-editor.default\">\n\t\t\t\t<div class=\"elementor-widget-container\">\n\t\t\t\t\t\t\t\t\t<p>Il y a des mots tr\u00e8s similaires mais avec un sens diff\u00e9rent et c\u2019est pour cela qu&rsquo;ils sont appel\u00e9s \u00ab faux amis \u00bb. Voici quelques exemples en fran\u00e7ais et en espagnol.<\/p>\t\t\t\t\t\t\t\t<\/div>\n\t\t\t\t<\/div>\n\t\t\t\t\t<\/div>\n\t\t<\/div>\n\t\t\t\t\t<\/div>\n\t\t<\/section>\n\t\t\t\t<section class=\"elementor-section elementor-top-section elementor-element elementor-element-3baba31 elementor-section-boxed elementor-section-height-default elementor-section-height-default\" data-id=\"3baba31\" data-element_type=\"section\" data-e-type=\"section\">\n\t\t\t\t\t\t<div class=\"elementor-container elementor-column-gap-default\">\n\t\t\t\t\t<div class=\"elementor-column elementor-col-100 elementor-top-column elementor-element elementor-element-4a1da34\" data-id=\"4a1da34\" data-element_type=\"column\" data-e-type=\"column\">\n\t\t\t<div class=\"elementor-widget-wrap elementor-element-populated\">\n\t\t\t\t\t\t<div class=\"elementor-element elementor-element-a2ea2fa elementor-widget elementor-widget-image\" data-id=\"a2ea2fa\" data-element_type=\"widget\" data-e-type=\"widget\" data-widget_type=\"image.default\">\n\t\t\t\t<div class=\"elementor-widget-container\">\n\t\t\t\t\t\t\t\t\t\t\t\t\t\t\t<img loading=\"lazy\" decoding=\"async\" width=\"640\" height=\"537\" src=\"https:\/\/tlcdenia.com\/wp-content\/uploads\/2020\/10\/faux-amis-francais-espagnol.png\" class=\"attachment-large size-large wp-image-20259\" alt=\"Les faux amis\" srcset=\"https:\/\/tlcdenia.com\/wp-content\/uploads\/2020\/10\/faux-amis-francais-espagnol.png 940w, https:\/\/tlcdenia.com\/wp-content\/uploads\/2020\/10\/faux-amis-francais-espagnol-300x251.png 300w, https:\/\/tlcdenia.com\/wp-content\/uploads\/2020\/10\/faux-amis-francais-espagnol-768x644.png 768w\" sizes=\"(max-width: 640px) 100vw, 640px\" \/>\t\t\t\t\t\t\t\t\t\t\t\t\t\t\t<\/div>\n\t\t\t\t<\/div>\n\t\t\t\t\t<\/div>\n\t\t<\/div>\n\t\t\t\t\t<\/div>\n\t\t<\/section>\n\t\t\t\t<section class=\"elementor-section elementor-top-section elementor-element elementor-element-8106741 elementor-section-boxed elementor-section-height-default elementor-section-height-default\" data-id=\"8106741\" data-element_type=\"section\" data-e-type=\"section\">\n\t\t\t\t\t\t<div class=\"elementor-container elementor-column-gap-default\">\n\t\t\t\t\t<div class=\"elementor-column elementor-col-100 elementor-top-column elementor-element elementor-element-3712c6c\" data-id=\"3712c6c\" data-element_type=\"column\" data-e-type=\"column\">\n\t\t\t<div class=\"elementor-widget-wrap elementor-element-populated\">\n\t\t\t\t\t\t<div class=\"elementor-element elementor-element-1531a82 elementor-widget elementor-widget-heading\" data-id=\"1531a82\" data-element_type=\"widget\" data-e-type=\"widget\" data-widget_type=\"heading.default\">\n\t\t\t\t<div class=\"elementor-widget-container\">\n\t\t\t\t\t<h2 class=\"elementor-heading-title elementor-size-default\">5. VERBE GUSTAR<\/h2>\t\t\t\t<\/div>\n\t\t\t\t<\/div>\n\t\t\t\t\t<\/div>\n\t\t<\/div>\n\t\t\t\t\t<\/div>\n\t\t<\/section>\n\t\t\t\t<section class=\"elementor-section elementor-top-section elementor-element elementor-element-7d38f6b elementor-section-boxed elementor-section-height-default elementor-section-height-default\" data-id=\"7d38f6b\" data-element_type=\"section\" data-e-type=\"section\">\n\t\t\t\t\t\t<div class=\"elementor-container elementor-column-gap-default\">\n\t\t\t\t\t<div class=\"elementor-column elementor-col-100 elementor-top-column elementor-element elementor-element-003676d\" data-id=\"003676d\" data-element_type=\"column\" data-e-type=\"column\">\n\t\t\t<div class=\"elementor-widget-wrap elementor-element-populated\">\n\t\t\t\t\t\t<div class=\"elementor-element elementor-element-69871c8 elementor-widget elementor-widget-text-editor\" data-id=\"69871c8\" data-element_type=\"widget\" data-e-type=\"widget\" data-widget_type=\"text-editor.default\">\n\t\t\t\t<div class=\"elementor-widget-container\">\n\t\t\t\t\t\t\t\t\t<p>Avec le verbe gustar on peut faire des erreurs \u201cYo gusto el chocolate\u201d au lieu de \u201cMe gusta el chocolate\u201d.<br \/>Voici la conjugaison du verbe gustar :<\/p>\t\t\t\t\t\t\t\t<\/div>\n\t\t\t\t<\/div>\n\t\t\t\t\t<\/div>\n\t\t<\/div>\n\t\t\t\t\t<\/div>\n\t\t<\/section>\n\t\t\t\t<section class=\"elementor-section elementor-top-section elementor-element elementor-element-a5bb7bc elementor-section-boxed elementor-section-height-default elementor-section-height-default\" data-id=\"a5bb7bc\" data-element_type=\"section\" data-e-type=\"section\">\n\t\t\t\t\t\t<div class=\"elementor-container elementor-column-gap-default\">\n\t\t\t\t\t<div class=\"elementor-column elementor-col-100 elementor-top-column elementor-element elementor-element-a92688c\" data-id=\"a92688c\" data-element_type=\"column\" data-e-type=\"column\">\n\t\t\t<div class=\"elementor-widget-wrap elementor-element-populated\">\n\t\t\t\t\t\t<div class=\"elementor-element elementor-element-abcc834 elementor-widget elementor-widget-image\" data-id=\"abcc834\" data-element_type=\"widget\" data-e-type=\"widget\" data-widget_type=\"image.default\">\n\t\t\t\t<div class=\"elementor-widget-container\">\n\t\t\t\t\t\t\t\t\t\t\t\t\t\t\t<img loading=\"lazy\" decoding=\"async\" width=\"640\" height=\"537\" src=\"https:\/\/tlcdenia.com\/wp-content\/uploads\/2020\/10\/Grammaire-gustar.jpg\" class=\"attachment-large size-large wp-image-20265\" alt=\"Verbe gustar\" srcset=\"https:\/\/tlcdenia.com\/wp-content\/uploads\/2020\/10\/Grammaire-gustar.jpg 940w, https:\/\/tlcdenia.com\/wp-content\/uploads\/2020\/10\/Grammaire-gustar-300x251.jpg 300w, https:\/\/tlcdenia.com\/wp-content\/uploads\/2020\/10\/Grammaire-gustar-768x644.jpg 768w\" sizes=\"(max-width: 640px) 100vw, 640px\" \/>\t\t\t\t\t\t\t\t\t\t\t\t\t\t\t<\/div>\n\t\t\t\t<\/div>\n\t\t\t\t\t<\/div>\n\t\t<\/div>\n\t\t\t\t\t<\/div>\n\t\t<\/section>\n\t\t\t\t<section class=\"elementor-section elementor-top-section elementor-element elementor-element-9615e33 elementor-section-boxed elementor-section-height-default elementor-section-height-default\" data-id=\"9615e33\" data-element_type=\"section\" data-e-type=\"section\">\n\t\t\t\t\t\t<div class=\"elementor-container elementor-column-gap-default\">\n\t\t\t\t\t<div class=\"elementor-column elementor-col-100 elementor-top-column elementor-element elementor-element-30cd282\" data-id=\"30cd282\" data-element_type=\"column\" data-e-type=\"column\">\n\t\t\t<div class=\"elementor-widget-wrap elementor-element-populated\">\n\t\t\t\t\t\t<div class=\"elementor-element elementor-element-61f86bb elementor-widget elementor-widget-heading\" data-id=\"61f86bb\" data-element_type=\"widget\" data-e-type=\"widget\" data-widget_type=\"heading.default\">\n\t\t\t\t<div class=\"elementor-widget-container\">\n\t\t\t\t\t<h2 class=\"elementor-heading-title elementor-size-default\">6. AUTRES ERREURS :<\/h2>\t\t\t\t<\/div>\n\t\t\t\t<\/div>\n\t\t\t\t\t<\/div>\n\t\t<\/div>\n\t\t\t\t\t<\/div>\n\t\t<\/section>\n\t\t\t\t<section class=\"elementor-section elementor-top-section elementor-element elementor-element-2ef5538 elementor-section-boxed elementor-section-height-default elementor-section-height-default\" data-id=\"2ef5538\" data-element_type=\"section\" data-e-type=\"section\">\n\t\t\t\t\t\t<div class=\"elementor-container elementor-column-gap-default\">\n\t\t\t\t\t<div class=\"elementor-column elementor-col-100 elementor-top-column elementor-element elementor-element-033e0a9\" data-id=\"033e0a9\" data-element_type=\"column\" data-e-type=\"column\">\n\t\t\t<div class=\"elementor-widget-wrap elementor-element-populated\">\n\t\t\t\t\t\t<div class=\"elementor-element elementor-element-c9147bc elementor-widget elementor-widget-image\" data-id=\"c9147bc\" data-element_type=\"widget\" data-e-type=\"widget\" data-widget_type=\"image.default\">\n\t\t\t\t<div class=\"elementor-widget-container\">\n\t\t\t\t\t\t\t\t\t\t\t\t\t\t\t<img loading=\"lazy\" decoding=\"async\" width=\"640\" height=\"537\" src=\"https:\/\/tlcdenia.com\/wp-content\/uploads\/2020\/10\/Erreurs-comunes-espagnol.jpg\" class=\"attachment-large size-large wp-image-20271\" alt=\"\" srcset=\"https:\/\/tlcdenia.com\/wp-content\/uploads\/2020\/10\/Erreurs-comunes-espagnol.jpg 940w, https:\/\/tlcdenia.com\/wp-content\/uploads\/2020\/10\/Erreurs-comunes-espagnol-300x251.jpg 300w, https:\/\/tlcdenia.com\/wp-content\/uploads\/2020\/10\/Erreurs-comunes-espagnol-768x644.jpg 768w\" sizes=\"(max-width: 640px) 100vw, 640px\" \/>\t\t\t\t\t\t\t\t\t\t\t\t\t\t\t<\/div>\n\t\t\t\t<\/div>\n\t\t\t\t\t<\/div>\n\t\t<\/div>\n\t\t\t\t\t<\/div>\n\t\t<\/section>\n\t\t\t\t<section class=\"elementor-section elementor-top-section elementor-element elementor-element-8846cff elementor-section-boxed elementor-section-height-default elementor-section-height-default\" data-id=\"8846cff\" data-element_type=\"section\" data-e-type=\"section\">\n\t\t\t\t\t\t<div class=\"elementor-container elementor-column-gap-default\">\n\t\t\t\t\t<div class=\"elementor-column elementor-col-100 elementor-top-column elementor-element elementor-element-e7d267e\" data-id=\"e7d267e\" data-element_type=\"column\" data-e-type=\"column\">\n\t\t\t<div class=\"elementor-widget-wrap elementor-element-populated\">\n\t\t\t\t\t\t<div class=\"elementor-element elementor-element-e52b1ac elementor-widget elementor-widget-text-editor\" data-id=\"e52b1ac\" data-element_type=\"widget\" data-e-type=\"widget\" data-widget_type=\"text-editor.default\">\n\t\t\t\t<div class=\"elementor-widget-container\">\n\t\t\t\t\t\t\t\t\t<p>Nous esp\u00e9rons que cette information te sera tr\u00e8s utile pour \u00e9viter ces erreurs communes aux \u00e9tudiants d\u2019espagnol.<\/p><p>Tu peux apprendre avec nos cours intensifs d\u2019espagnol en Espagne ou depuis ton pays avec notre classe d\u2019espagnol en ligne.<\/p>\t\t\t\t\t\t\t\t<\/div>\n\t\t\t\t<\/div>\n\t\t\t\t\t<\/div>\n\t\t<\/div>\n\t\t\t\t\t<\/div>\n\t\t<\/section>\n\t\t\t\t<section class=\"elementor-section elementor-top-section elementor-element elementor-element-8c7e46e elementor-section-boxed elementor-section-height-default elementor-section-height-default\" data-id=\"8c7e46e\" data-element_type=\"section\" data-e-type=\"section\">\n\t\t\t\t\t\t<div class=\"elementor-container elementor-column-gap-default\">\n\t\t\t\t\t<div class=\"elementor-column elementor-col-100 elementor-top-column elementor-element elementor-element-542f778\" data-id=\"542f778\" data-element_type=\"column\" data-e-type=\"column\">\n\t\t\t<div class=\"elementor-widget-wrap elementor-element-populated\">\n\t\t\t\t\t\t<div class=\"elementor-element elementor-element-d643d01 elementor-align-center elementor-widget elementor-widget-button\" data-id=\"d643d01\" data-element_type=\"widget\" data-e-type=\"widget\" data-widget_type=\"button.default\">\n\t\t\t\t<div class=\"elementor-widget-container\">\n\t\t\t\t\t\t\t\t\t<div class=\"elementor-button-wrapper\">\n\t\t\t\t\t<a class=\"elementor-button elementor-button-link elementor-size-lg\" href=\"https:\/\/tlcdenia.com\/fr\/reservation\/\">\n\t\t\t\t\t\t<span class=\"elementor-button-content-wrapper\">\n\t\t\t\t\t\t<span class=\"elementor-button-icon\">\n\t\t\t\t<svg aria-hidden=\"true\" class=\"e-font-icon-svg e-far-check-circle\" viewBox=\"0 0 512 512\" xmlns=\"http:\/\/www.w3.org\/2000\/svg\"><path d=\"M256 8C119.033 8 8 119.033 8 256s111.033 248 248 248 248-111.033 248-248S392.967 8 256 8zm0 48c110.532 0 200 89.451 200 200 0 110.532-89.451 200-200 200-110.532 0-200-89.451-200-200 0-110.532 89.451-200 200-200m140.204 130.267l-22.536-22.718c-4.667-4.705-12.265-4.736-16.97-.068L215.346 303.697l-59.792-60.277c-4.667-4.705-12.265-4.736-16.97-.069l-22.719 22.536c-4.705 4.667-4.736 12.265-.068 16.971l90.781 91.516c4.667 4.705 12.265 4.736 16.97.068l172.589-171.204c4.704-4.668 4.734-12.266.067-16.971z\"><\/path><\/svg>\t\t\t<\/span>\n\t\t\t\t\t\t\t\t\t<span class=\"elementor-button-text\">R\u00c9SERVEZ UN COURS D'ESPAGNOL<\/span>\n\t\t\t\t\t<\/span>\n\t\t\t\t\t<\/a>\n\t\t\t\t<\/div>\n\t\t\t\t\t\t\t\t<\/div>\n\t\t\t\t<\/div>\n\t\t\t\t\t<\/div>\n\t\t<\/div>\n\t\t\t\t\t<\/div>\n\t\t<\/section>\n\t\t\t\t<\/div>\n\t\t","protected":false},"excerpt":{"rendered":"<p>Il y a des erreurs que les \u00e9tudiants en espagnol font normalement. Si toi aussi tu les fais, j\u2019esp\u00e8re que cela t\u2019aidera \u00e0 les corriger ! 1. VERBES SER ET ESTAR Pour les \u00e9tudiants en espagnol qui ont l\u2019habitude de &hellip; <\/p>\n","protected":false},"author":3,"featured_media":21851,"comment_status":"open","ping_status":"closed","sticky":false,"template":"","format":"standard","meta":{"_acf_changed":false,"footnotes":""},"categories":[186],"tags":[],"class_list":["post-20201","post","type-post","status-publish","format-standard","has-post-thumbnail","hentry","category-grammaire-espagnole"],"acf":[],"yoast_head":"<!-- This site is optimized with the Yoast SEO plugin v26.9 - https:\/\/yoast.com\/product\/yoast-seo-wordpress\/ -->\n<title>\u00c9tudiants en espagnol, les erreurs communes | TLCd\u00e9nia<\/title>\n<meta name=\"description\" content=\"Nous vous aidons \u00e0 corriger les erreurs les plus courantes en espagnol que nos \u00e9tudiants font habituellement. Conseils utiles pour s&#039;am\u00e9liorer!\" \/>\n<meta name=\"robots\" content=\"index, follow, max-snippet:-1, max-image-preview:large, max-video-preview:-1\" \/>\n<link rel=\"canonical\" href=\"https:\/\/tlcdenia.com\/fr\/erreurs-communes-espagnol\/\" \/>\n<meta property=\"og:locale\" content=\"fr_FR\" \/>\n<meta property=\"og:type\" content=\"article\" \/>\n<meta property=\"og:title\" content=\"\u00c9tudiants en espagnol, les erreurs communes | TLCd\u00e9nia\" \/>\n<meta property=\"og:description\" content=\"Nous vous aidons \u00e0 corriger les erreurs les plus courantes en espagnol que nos \u00e9tudiants font habituellement. Conseils utiles pour s&#039;am\u00e9liorer!\" \/>\n<meta property=\"og:url\" content=\"https:\/\/tlcdenia.com\/fr\/erreurs-communes-espagnol\/\" \/>\n<meta property=\"og:site_name\" content=\"\u00c9cole TLCd\u00e9nia - Site officiel\" \/>\n<meta property=\"article:published_time\" content=\"2020-11-19T10:53:34+00:00\" \/>\n<meta property=\"article:modified_time\" content=\"2022-10-04T13:53:13+00:00\" \/>\n<meta property=\"og:image\" content=\"https:\/\/tlcdenia.com\/wp-content\/uploads\/2017\/05\/mistakes-spanish.jpg\" \/>\n\t<meta property=\"og:image:width\" content=\"900\" \/>\n\t<meta property=\"og:image:height\" content=\"497\" \/>\n\t<meta property=\"og:image:type\" content=\"image\/jpeg\" \/>\n<meta name=\"author\" content=\"TLCd\u00e9nia\" \/>\n<meta name=\"twitter:card\" content=\"summary_large_image\" \/>\n<meta name=\"twitter:label1\" content=\"\u00c9crit par\" \/>\n\t<meta name=\"twitter:data1\" content=\"TLCd\u00e9nia\" \/>\n\t<meta name=\"twitter:label2\" content=\"Dur\u00e9e de lecture estim\u00e9e\" \/>\n\t<meta name=\"twitter:data2\" content=\"4 minutes\" \/>\n<script type=\"application\/ld+json\" class=\"yoast-schema-graph\">{\"@context\":\"https:\/\/schema.org\",\"@graph\":[{\"@type\":\"Article\",\"@id\":\"https:\/\/tlcdenia.com\/fr\/erreurs-communes-espagnol\/#article\",\"isPartOf\":{\"@id\":\"https:\/\/tlcdenia.com\/fr\/erreurs-communes-espagnol\/\"},\"author\":{\"name\":\"TLCd\u00e9nia\",\"@id\":\"https:\/\/tlcdenia.com\/fr\/#\/schema\/person\/0aa366bc9e603b32c37f10e5c3a9b091\"},\"headline\":\"Erreurs communes des \u00e9tudiants en espagnol\",\"datePublished\":\"2020-11-19T10:53:34+00:00\",\"dateModified\":\"2022-10-04T13:53:13+00:00\",\"mainEntityOfPage\":{\"@id\":\"https:\/\/tlcdenia.com\/fr\/erreurs-communes-espagnol\/\"},\"wordCount\":843,\"commentCount\":0,\"image\":{\"@id\":\"https:\/\/tlcdenia.com\/fr\/erreurs-communes-espagnol\/#primaryimage\"},\"thumbnailUrl\":\"https:\/\/tlcdenia.com\/wp-content\/uploads\/2017\/05\/mistakes-spanish.jpg\",\"articleSection\":[\"GRAMMAIRE ESPAGNOLE\"],\"inLanguage\":\"fr-FR\",\"potentialAction\":[{\"@type\":\"CommentAction\",\"name\":\"Comment\",\"target\":[\"https:\/\/tlcdenia.com\/fr\/erreurs-communes-espagnol\/#respond\"]}]},{\"@type\":\"WebPage\",\"@id\":\"https:\/\/tlcdenia.com\/fr\/erreurs-communes-espagnol\/\",\"url\":\"https:\/\/tlcdenia.com\/fr\/erreurs-communes-espagnol\/\",\"name\":\"\u00c9tudiants en espagnol, les erreurs communes | TLCd\u00e9nia\",\"isPartOf\":{\"@id\":\"https:\/\/tlcdenia.com\/fr\/#website\"},\"primaryImageOfPage\":{\"@id\":\"https:\/\/tlcdenia.com\/fr\/erreurs-communes-espagnol\/#primaryimage\"},\"image\":{\"@id\":\"https:\/\/tlcdenia.com\/fr\/erreurs-communes-espagnol\/#primaryimage\"},\"thumbnailUrl\":\"https:\/\/tlcdenia.com\/wp-content\/uploads\/2017\/05\/mistakes-spanish.jpg\",\"datePublished\":\"2020-11-19T10:53:34+00:00\",\"dateModified\":\"2022-10-04T13:53:13+00:00\",\"author\":{\"@id\":\"https:\/\/tlcdenia.com\/fr\/#\/schema\/person\/0aa366bc9e603b32c37f10e5c3a9b091\"},\"description\":\"Nous vous aidons \u00e0 corriger les erreurs les plus courantes en espagnol que nos \u00e9tudiants font habituellement. Conseils utiles pour s'am\u00e9liorer!\",\"breadcrumb\":{\"@id\":\"https:\/\/tlcdenia.com\/fr\/erreurs-communes-espagnol\/#breadcrumb\"},\"inLanguage\":\"fr-FR\",\"potentialAction\":[{\"@type\":\"ReadAction\",\"target\":[\"https:\/\/tlcdenia.com\/fr\/erreurs-communes-espagnol\/\"]}]},{\"@type\":\"ImageObject\",\"inLanguage\":\"fr-FR\",\"@id\":\"https:\/\/tlcdenia.com\/fr\/erreurs-communes-espagnol\/#primaryimage\",\"url\":\"https:\/\/tlcdenia.com\/wp-content\/uploads\/2017\/05\/mistakes-spanish.jpg\",\"contentUrl\":\"https:\/\/tlcdenia.com\/wp-content\/uploads\/2017\/05\/mistakes-spanish.jpg\",\"width\":900,\"height\":497,\"caption\":\"Common mistakes in Spanish\"},{\"@type\":\"BreadcrumbList\",\"@id\":\"https:\/\/tlcdenia.com\/fr\/erreurs-communes-espagnol\/#breadcrumb\",\"itemListElement\":[{\"@type\":\"ListItem\",\"position\":1,\"name\":\"Home\",\"item\":\"https:\/\/tlcdenia.com\/fr\/\"},{\"@type\":\"ListItem\",\"position\":2,\"name\":\"Erreurs communes des \u00e9tudiants en espagnol\"}]},{\"@type\":\"WebSite\",\"@id\":\"https:\/\/tlcdenia.com\/fr\/#website\",\"url\":\"https:\/\/tlcdenia.com\/fr\/\",\"name\":\"\u00c9cole TLCd\u00e9nia - Site officiel\",\"description\":\"Languages Center\",\"potentialAction\":[{\"@type\":\"SearchAction\",\"target\":{\"@type\":\"EntryPoint\",\"urlTemplate\":\"https:\/\/tlcdenia.com\/fr\/?s={search_term_string}\"},\"query-input\":{\"@type\":\"PropertyValueSpecification\",\"valueRequired\":true,\"valueName\":\"search_term_string\"}}],\"inLanguage\":\"fr-FR\"},{\"@type\":\"Person\",\"@id\":\"https:\/\/tlcdenia.com\/fr\/#\/schema\/person\/0aa366bc9e603b32c37f10e5c3a9b091\",\"name\":\"TLCd\u00e9nia\"}]}<\/script>\n<!-- \/ Yoast SEO plugin. -->","yoast_head_json":{"title":"\u00c9tudiants en espagnol, les erreurs communes | TLCd\u00e9nia","description":"Nous vous aidons \u00e0 corriger les erreurs les plus courantes en espagnol que nos \u00e9tudiants font habituellement. Conseils utiles pour s'am\u00e9liorer!","robots":{"index":"index","follow":"follow","max-snippet":"max-snippet:-1","max-image-preview":"max-image-preview:large","max-video-preview":"max-video-preview:-1"},"canonical":"https:\/\/tlcdenia.com\/fr\/erreurs-communes-espagnol\/","og_locale":"fr_FR","og_type":"article","og_title":"\u00c9tudiants en espagnol, les erreurs communes | TLCd\u00e9nia","og_description":"Nous vous aidons \u00e0 corriger les erreurs les plus courantes en espagnol que nos \u00e9tudiants font habituellement. Conseils utiles pour s'am\u00e9liorer!","og_url":"https:\/\/tlcdenia.com\/fr\/erreurs-communes-espagnol\/","og_site_name":"\u00c9cole TLCd\u00e9nia - Site officiel","article_published_time":"2020-11-19T10:53:34+00:00","article_modified_time":"2022-10-04T13:53:13+00:00","og_image":[{"width":900,"height":497,"url":"https:\/\/tlcdenia.com\/wp-content\/uploads\/2017\/05\/mistakes-spanish.jpg","type":"image\/jpeg"}],"author":"TLCd\u00e9nia","twitter_card":"summary_large_image","twitter_misc":{"\u00c9crit par":"TLCd\u00e9nia","Dur\u00e9e de lecture estim\u00e9e":"4 minutes"},"schema":{"@context":"https:\/\/schema.org","@graph":[{"@type":"Article","@id":"https:\/\/tlcdenia.com\/fr\/erreurs-communes-espagnol\/#article","isPartOf":{"@id":"https:\/\/tlcdenia.com\/fr\/erreurs-communes-espagnol\/"},"author":{"name":"TLCd\u00e9nia","@id":"https:\/\/tlcdenia.com\/fr\/#\/schema\/person\/0aa366bc9e603b32c37f10e5c3a9b091"},"headline":"Erreurs communes des \u00e9tudiants en espagnol","datePublished":"2020-11-19T10:53:34+00:00","dateModified":"2022-10-04T13:53:13+00:00","mainEntityOfPage":{"@id":"https:\/\/tlcdenia.com\/fr\/erreurs-communes-espagnol\/"},"wordCount":843,"commentCount":0,"image":{"@id":"https:\/\/tlcdenia.com\/fr\/erreurs-communes-espagnol\/#primaryimage"},"thumbnailUrl":"https:\/\/tlcdenia.com\/wp-content\/uploads\/2017\/05\/mistakes-spanish.jpg","articleSection":["GRAMMAIRE ESPAGNOLE"],"inLanguage":"fr-FR","potentialAction":[{"@type":"CommentAction","name":"Comment","target":["https:\/\/tlcdenia.com\/fr\/erreurs-communes-espagnol\/#respond"]}]},{"@type":"WebPage","@id":"https:\/\/tlcdenia.com\/fr\/erreurs-communes-espagnol\/","url":"https:\/\/tlcdenia.com\/fr\/erreurs-communes-espagnol\/","name":"\u00c9tudiants en espagnol, les erreurs communes | TLCd\u00e9nia","isPartOf":{"@id":"https:\/\/tlcdenia.com\/fr\/#website"},"primaryImageOfPage":{"@id":"https:\/\/tlcdenia.com\/fr\/erreurs-communes-espagnol\/#primaryimage"},"image":{"@id":"https:\/\/tlcdenia.com\/fr\/erreurs-communes-espagnol\/#primaryimage"},"thumbnailUrl":"https:\/\/tlcdenia.com\/wp-content\/uploads\/2017\/05\/mistakes-spanish.jpg","datePublished":"2020-11-19T10:53:34+00:00","dateModified":"2022-10-04T13:53:13+00:00","author":{"@id":"https:\/\/tlcdenia.com\/fr\/#\/schema\/person\/0aa366bc9e603b32c37f10e5c3a9b091"},"description":"Nous vous aidons \u00e0 corriger les erreurs les plus courantes en espagnol que nos \u00e9tudiants font habituellement. Conseils utiles pour s'am\u00e9liorer!","breadcrumb":{"@id":"https:\/\/tlcdenia.com\/fr\/erreurs-communes-espagnol\/#breadcrumb"},"inLanguage":"fr-FR","potentialAction":[{"@type":"ReadAction","target":["https:\/\/tlcdenia.com\/fr\/erreurs-communes-espagnol\/"]}]},{"@type":"ImageObject","inLanguage":"fr-FR","@id":"https:\/\/tlcdenia.com\/fr\/erreurs-communes-espagnol\/#primaryimage","url":"https:\/\/tlcdenia.com\/wp-content\/uploads\/2017\/05\/mistakes-spanish.jpg","contentUrl":"https:\/\/tlcdenia.com\/wp-content\/uploads\/2017\/05\/mistakes-spanish.jpg","width":900,"height":497,"caption":"Common mistakes in Spanish"},{"@type":"BreadcrumbList","@id":"https:\/\/tlcdenia.com\/fr\/erreurs-communes-espagnol\/#breadcrumb","itemListElement":[{"@type":"ListItem","position":1,"name":"Home","item":"https:\/\/tlcdenia.com\/fr\/"},{"@type":"ListItem","position":2,"name":"Erreurs communes des \u00e9tudiants en espagnol"}]},{"@type":"WebSite","@id":"https:\/\/tlcdenia.com\/fr\/#website","url":"https:\/\/tlcdenia.com\/fr\/","name":"\u00c9cole TLCd\u00e9nia - Site officiel","description":"Languages Center","potentialAction":[{"@type":"SearchAction","target":{"@type":"EntryPoint","urlTemplate":"https:\/\/tlcdenia.com\/fr\/?s={search_term_string}"},"query-input":{"@type":"PropertyValueSpecification","valueRequired":true,"valueName":"search_term_string"}}],"inLanguage":"fr-FR"},{"@type":"Person","@id":"https:\/\/tlcdenia.com\/fr\/#\/schema\/person\/0aa366bc9e603b32c37f10e5c3a9b091","name":"TLCd\u00e9nia"}]}},"_links":{"self":[{"href":"https:\/\/tlcdenia.com\/fr\/wp-json\/wp\/v2\/posts\/20201","targetHints":{"allow":["GET"]}}],"collection":[{"href":"https:\/\/tlcdenia.com\/fr\/wp-json\/wp\/v2\/posts"}],"about":[{"href":"https:\/\/tlcdenia.com\/fr\/wp-json\/wp\/v2\/types\/post"}],"author":[{"embeddable":true,"href":"https:\/\/tlcdenia.com\/fr\/wp-json\/wp\/v2\/users\/3"}],"replies":[{"embeddable":true,"href":"https:\/\/tlcdenia.com\/fr\/wp-json\/wp\/v2\/comments?post=20201"}],"version-history":[{"count":3,"href":"https:\/\/tlcdenia.com\/fr\/wp-json\/wp\/v2\/posts\/20201\/revisions"}],"predecessor-version":[{"id":39714,"href":"https:\/\/tlcdenia.com\/fr\/wp-json\/wp\/v2\/posts\/20201\/revisions\/39714"}],"wp:featuredmedia":[{"embeddable":true,"href":"https:\/\/tlcdenia.com\/fr\/wp-json\/wp\/v2\/media\/21851"}],"wp:attachment":[{"href":"https:\/\/tlcdenia.com\/fr\/wp-json\/wp\/v2\/media?parent=20201"}],"wp:term":[{"taxonomy":"category","embeddable":true,"href":"https:\/\/tlcdenia.com\/fr\/wp-json\/wp\/v2\/categories?post=20201"},{"taxonomy":"post_tag","embeddable":true,"href":"https:\/\/tlcdenia.com\/fr\/wp-json\/wp\/v2\/tags?post=20201"}],"curies":[{"name":"wp","href":"https:\/\/api.w.org\/{rel}","templated":true}]}}