{"id":53892,"date":"2020-06-08T12:04:11","date_gmt":"2020-06-08T12:04:11","guid":{"rendered":"https:\/\/tlcdenia.xyz\/imperfecto-en-espanol\/"},"modified":"2025-12-01T14:48:31","modified_gmt":"2025-12-01T14:48:31","slug":"imperfecto-en-espanol","status":"publish","type":"post","link":"https:\/\/tlcdenia.com\/es\/imperfecto-en-espanol\/","title":{"rendered":"Practica el imperfecto en espa\u00f1ol"},"content":{"rendered":"\t\t<div data-elementor-type=\"wp-post\" data-elementor-id=\"53892\" class=\"elementor elementor-53892\" data-elementor-post-type=\"post\">\n\t\t\t\t<div class=\"elementor-element elementor-element-6cd5dc9b e-flex e-con-boxed e-con e-parent\" data-id=\"6cd5dc9b\" data-element_type=\"container\" data-e-type=\"container\">\n\t\t\t\t\t<div class=\"e-con-inner\">\n\t\t\t\t<div class=\"elementor-element elementor-element-3331d4af elementor-widget elementor-widget-text-editor\" data-id=\"3331d4af\" data-element_type=\"widget\" data-e-type=\"widget\" data-widget_type=\"text-editor.default\">\n\t\t\t\t<div class=\"elementor-widget-container\">\n\t\t\t\t\t\t\t\t\t<h2><strong><span style=\"color: #0480b6;\">\u00bfCU\u00c1NDO USAMOS EL IMPERFECTO EN ESPA\u00d1OL?<\/span><\/strong><\/h2><p><strong>1. Acciones habituales en el pasado.<br \/><\/strong><em>Cuando era peque\u00f1a, iba a la escuela todos los d\u00edas.<\/em><\/p><p><strong>2. Descripci\u00f3n de cosas en el pasado.<\/strong><br \/><em>La casa era muy vieja.<\/em><\/p><p><strong>3. Descripci\u00f3n de personas<\/strong> (f\u00edsico, car\u00e1cter, estado f\u00edsico, estado emocional, creencias, ideas, gustos, intenciones, deseos).<br \/><em>La abuela era alta.<\/em> (f\u00edsico)<br \/><em>Era una mujer muy alegre<\/em>. (car\u00e1cter)<br \/><em>Estaba cansada<\/em>. (estado f\u00edsico)<br \/><em>Era muy religiosa<\/em>. (creencias)<\/p><p><strong>4. Descripci\u00f3n del contexto<\/strong> (tiempo, clima, situaci\u00f3n, ambiente) donde se desarrolla la acci\u00f3n.<br \/><em>Cuando sal\u00ed de casa hac\u00eda fr\u00edo. En la calle no hab\u00eda nadie. Solo hab\u00eda un bar abierto, pero estaba vac\u00edo.<\/em><\/p><p><strong>5. Acci\u00f3n en desarrollo en pasado<\/strong> (imperfecto), interrumpida por una acci\u00f3n puntual (indefinido).<br \/><em>Ayer, mientras com\u00eda, se fue la luz.<\/em><\/p><p><strong>6. Descripci\u00f3n de la causa de una acci\u00f3n en el pasado.<\/strong><br \/><em>Ayer no fui a la universidad porque estaba enferma.<\/em><\/p><h2><strong><span style=\"color: #0480b6;\">FORMAS DEL IMPERFECTO EN ESPA\u00d1OL:<\/span><\/strong><\/h2><p>\u00a0<\/p><table style=\"height: 0px; width: 30%; border: 0px solid #0480b6;\" border=\"0\" align=\"center\"><tbody><tr><td style=\"text-align: center; border: 1px solid #0480b6;\"><strong>-AR<\/strong><\/td><td style=\"text-align: center; border: 1px solid #0480b6;\"><strong>-ER<\/strong><\/td><td style=\"text-align: center; border: 1px solid #0480b6;\"><strong>-IR<\/strong><\/td><\/tr><tr><td style=\"text-align: center; border: 1px solid #0480b6;\">HABL<strong>AR<\/strong><\/td><td style=\"text-align: center; border: 1px solid #0480b6;\">COM<strong>ER<\/strong><\/td><td style=\"text-align: center; border: 1px solid #0480b6;\">VIV<strong>IR<\/strong><\/td><\/tr><tr><td style=\"text-align: center; border: 1px solid #0480b6;\">habl<strong><span style=\"color: #ff0000;\">aba<\/span><\/strong><br \/>habl<span style=\"color: #ff0000;\"><strong>abas<\/strong><\/span><br \/>habl<strong><span style=\"color: #ff0000;\">aba<\/span><\/strong><br \/>habl\u00e1b<span style=\"color: #ff0000;\"><strong>amos<\/strong><\/span><br \/>habl<span style=\"color: #ff0000;\"><strong>abais<\/strong><\/span><br \/>habl<span style=\"color: #ff0000;\"><strong>aban<\/strong><\/span><\/td><td style=\"text-align: center; border: 1px solid #0480b6;\">com<span style=\"color: #0000ff;\"><strong>\u00eda<\/strong><\/span><br \/>com<span style=\"color: #0000ff;\"><strong>\u00edas<\/strong><\/span><br \/>com<span style=\"color: #0000ff;\"><strong>\u00eda<\/strong><\/span><br \/>com<span style=\"color: #0000ff;\"><strong>\u00edamos<\/strong><\/span><br \/>com<span style=\"color: #0000ff;\"><strong>\u00edais<\/strong><\/span><br \/>com<strong><span style=\"color: #0000ff;\">\u00edan<\/span><\/strong><\/td><td style=\"text-align: center; border: 1px solid #0480b6;\">viv<strong><span style=\"color: #0000ff;\">\u00eda<\/span><\/strong><br \/>viv<strong><span style=\"color: #0000ff;\">\u00edas<\/span><\/strong><br \/>viv<strong><span style=\"color: #0000ff;\">\u00eda<\/span><\/strong><br \/>viv<span style=\"color: #0000ff;\"><strong>\u00edamos<\/strong><\/span><br \/>viv<span style=\"color: #0000ff;\"><strong>\u00edais<\/strong><\/span><br \/>viv<span style=\"color: #0000ff;\"><strong>\u00edan<\/strong><\/span><\/td><\/tr><\/tbody><\/table><p>\u00a0<\/p><h3 style=\"text-align: left;\"><strong>IRREGULARES:<\/strong><\/h3><table style=\"height: 0px; width: 30%;\" border=\"0\" align=\"center\"><tbody><tr><td style=\"text-align: center; border: 1px solid #0480b6;\"><strong>SER<\/strong><\/td><td style=\"text-align: center; border: 1px solid #0480b6;\"><strong>IR<\/strong><\/td><td style=\"text-align: center; border: 1px solid #0480b6;\"><strong>VER<\/strong><\/td><\/tr><tr><td style=\"text-align: center; border: 1px solid #0480b6;\">era<br \/>eras<br \/>era<br \/>\u00e9ramos<br \/>erais<br \/>eran<\/td><td style=\"text-align: center; border: 1px solid #0480b6;\">iba<br \/>ibas<br \/>iba<br \/>\u00edbamos<br \/>ibais<br \/>iban<\/td><td style=\"text-align: center; border: 1px solid #0480b6;\">v<strong>e<\/strong>\u00eda<br \/>v<strong>e<\/strong>\u00edas<br \/>v<strong>e<\/strong>\u00eda<br \/>v<strong>e<\/strong>\u00edamos<br \/>v<strong>e<\/strong>\u00edais<br \/>v<strong>e<\/strong>\u00edan<\/td><\/tr><\/tbody><\/table><h3>\u00a0<\/h3><h2><strong><span style=\"color: #0480b6;\">PRACTICA EL IMPERFECTO CON LA CONVERSACI\u00d3N:<\/span><\/strong><\/h2><p><\/p><p style=\"text-align: left;\">Responde a estas preguntas sobre tu infancia:<\/p><p style=\"text-align: center;\"><a href=\"https:\/\/tlcdenia.com\/wp-content\/uploads\/2023\/07\/Imperfecto-espanol-conversacion-tu-infancia-1.png\" target=\"_blank\" rel=\"noopener noreferrer\"><img decoding=\"async\" class=\"wp-image-12593 aligncenter\" title=\"Imperfecto en espa\u00f1ol\" src=\"https:\/\/tlcdenia.com\/wp-content\/uploads\/2023\/07\/Imperfecto-espanol-conversacion-tu-infancia-1-724x1024.png\" alt=\"Infograf\u00eda para practicar conversaci\u00f3n en imperfecto\" width=\"80%\" height=\"auto\" \/><\/a><\/p><p style=\"text-align: left;\">Responde a estas preguntas sobre la vida de tus padres o de tus abuelos:<\/p><p style=\"text-align: center;\"><a href=\"https:\/\/tlcdenia.com\/wp-content\/uploads\/2023\/07\/Imperfecto-espanol-conversacion-tus-abuelos-1.png\" target=\"_blank\" rel=\"noopener noreferrer\"><img decoding=\"async\" class=\" wp-image-12596 aligncenter\" title=\"Imperfecto en espa\u00f1ol\" src=\"https:\/\/tlcdenia.com\/wp-content\/uploads\/2023\/07\/Imperfecto-espanol-conversacion-tus-abuelos-1-724x1024.png\" alt=\"Infograf\u00eda para practicar conversaci\u00f3n en imperfecto\" width=\"80%\" height=\"auto\" \/><\/a><\/p><p style=\"text-align: justify;\">Compara c\u00f3mo <strong>era<\/strong> la sociedad antes y c\u00f3mo <strong>es<\/strong> ahora. \u00bfQu\u00e9 hab\u00eda o qu\u00e9 no hab\u00eda antes? Practica con (antes) <strong>HAB\u00cdA<\/strong> &#8211; (ahora) <strong>HAY<\/strong> y con los verbos en imperfecto.<\/p><p>Por ejemplo:<em><br \/>Antes no hab\u00eda lavadoras.\u00a0<\/em><br \/><em>Antes la gente iba m\u00e1s a la Iglesia.<\/em><\/p><p style=\"text-align: center;\"><a href=\"https:\/\/tlcdenia.com\/wp-content\/uploads\/2023\/07\/Imperfecto-espanol-conversacion-sociedad-1.png\" target=\"_blank\" rel=\"noopener noreferrer\"><img decoding=\"async\" class=\" wp-image-12594 aligncenter\" title=\"Imperfecto-espa\u00f1ol\" src=\"https:\/\/tlcdenia.com\/wp-content\/uploads\/2023\/07\/Imperfecto-espanol-conversacion-sociedad-1-724x1024.png\" alt=\"Infograf\u00eda para practicar conversaci\u00f3n en imperfecto\" width=\"80%\" height=\"auto\" \/><\/a><\/p><p style=\"text-align: left;\">PRESENTACI\u00d3N DE IM\u00c1GENES:<\/p><p style=\"text-align: left;\">DESCARGA AQU\u00cd una presentaci\u00f3n con im\u00e1genes que te pueden inspirar en la conversaci\u00f3n:<\/p><p style=\"text-align: center;\"><a href=\"https:\/\/tlcdenia.com\/wp-content\/uploads\/sites\/3\/2020\/09\/El-imperfecto-en-espa\u00f1ol-ANTES-AHORA-1.pdf\"><img fetchpriority=\"high\" decoding=\"async\" class=\"aligncenter wp-image-12605\" style=\"border: 3px solid red;\" title=\"imperfecto-conversacion\" src=\"https:\/\/tlcdenia.com\/wp-content\/uploads\/2023\/07\/imperfecto-espanol-1.png\" alt=\"Presentaci\u00f3n en powerpoint del imperfecto\" width=\"719\" height=\"399\" \/><\/a><\/p><p style=\"text-align: left;\">Habla sobre tus costumbres. \u00bfAhora son diferentes? \u00bfQu\u00e9 hac\u00edas antes que ahora ya no haces?<\/p><p style=\"text-align: center;\"><a href=\"https:\/\/tlcdenia.com\/wp-content\/uploads\/2023\/07\/Imperfecto-espanol-conversacion-tus-costumbres-1.png\" target=\"_blank\" rel=\"noopener noreferrer\"><img decoding=\"async\" class=\" wp-image-12595 aligncenter\" title=\"Imperfecto-espa\u00f1ol\" src=\"https:\/\/tlcdenia.com\/wp-content\/uploads\/2023\/07\/Imperfecto-espanol-conversacion-tus-costumbres-1-724x1024.png\" alt=\"Infograf\u00eda para practicar conversaci\u00f3n en imperfecto\" width=\"80%\" height=\"auto\" \/><\/a><\/p><p style=\"text-align: center;\"><span style=\"font-size: medium;\">\u00a1Qu\u00e9 bonito es hablar del pasado!\u00a0<\/span><\/p><p style=\"text-align: center;\"><span style=\"font-size: medium;\">\u00a1Mucho \u00e1nimo con tu espa\u00f1ol!<\/span><\/p>\t\t\t\t\t\t\t\t<\/div>\n\t\t\t\t<\/div>\n\t\t\t\t\t<\/div>\n\t\t\t\t<\/div>\n\t\t\t\t<section class=\"elementor-section elementor-top-section elementor-element elementor-element-dd49a82 elementor-section-boxed elementor-section-height-default elementor-section-height-default\" data-id=\"dd49a82\" data-element_type=\"section\" data-e-type=\"section\">\n\t\t\t\t\t\t<div class=\"elementor-container elementor-column-gap-default\">\n\t\t\t\t\t<div class=\"elementor-column elementor-col-100 elementor-top-column elementor-element elementor-element-ee66b2b\" data-id=\"ee66b2b\" data-element_type=\"column\" data-e-type=\"column\">\n\t\t\t<div class=\"elementor-widget-wrap elementor-element-populated\">\n\t\t\t\t\t\t<div class=\"elementor-element elementor-element-23d9b62 elementor-align-center elementor-widget elementor-widget-button\" data-id=\"23d9b62\" data-element_type=\"widget\" data-e-type=\"widget\" data-widget_type=\"button.default\">\n\t\t\t\t<div class=\"elementor-widget-container\">\n\t\t\t\t\t\t\t\t\t<div class=\"elementor-button-wrapper\">\n\t\t\t\t\t<a class=\"elementor-button elementor-button-link elementor-size-lg\" href=\"https:\/\/tlcdenia.com\/es\/reservar-curso\/\">\n\t\t\t\t\t\t<span class=\"elementor-button-content-wrapper\">\n\t\t\t\t\t\t<span class=\"elementor-button-icon\">\n\t\t\t\t<svg aria-hidden=\"true\" class=\"e-font-icon-svg e-far-check-circle\" viewBox=\"0 0 512 512\" xmlns=\"http:\/\/www.w3.org\/2000\/svg\"><path d=\"M256 8C119.033 8 8 119.033 8 256s111.033 248 248 248 248-111.033 248-248S392.967 8 256 8zm0 48c110.532 0 200 89.451 200 200 0 110.532-89.451 200-200 200-110.532 0-200-89.451-200-200 0-110.532 89.451-200 200-200m140.204 130.267l-22.536-22.718c-4.667-4.705-12.265-4.736-16.97-.068L215.346 303.697l-59.792-60.277c-4.667-4.705-12.265-4.736-16.97-.069l-22.719 22.536c-4.705 4.667-4.736 12.265-.068 16.971l90.781 91.516c4.667 4.705 12.265 4.736 16.97.068l172.589-171.204c4.704-4.668 4.734-12.266.067-16.971z\"><\/path><\/svg>\t\t\t<\/span>\n\t\t\t\t\t\t\t\t\t<span class=\"elementor-button-text\">RESERVA UN CURSO DE ESPA\u00d1OL<\/span>\n\t\t\t\t\t<\/span>\n\t\t\t\t\t<\/a>\n\t\t\t\t<\/div>\n\t\t\t\t\t\t\t\t<\/div>\n\t\t\t\t<\/div>\n\t\t\t\t\t<\/div>\n\t\t<\/div>\n\t\t\t\t\t<\/div>\n\t\t<\/section>\n\t\t\t\t<\/div>\n\t\t","protected":false},"excerpt":{"rendered":"<p>\u00bfCU\u00c1NDO USAMOS EL IMPERFECTO EN ESPA\u00d1OL? 1. Acciones habituales en el pasado.Cuando era peque\u00f1a, iba a la escuela todos los d\u00edas. 2. Descripci\u00f3n de cosas en el pasado.La casa era muy vieja. 3. Descripci\u00f3n de personas (f\u00edsico, car\u00e1cter, estado f\u00edsico, &hellip; <\/p>\n","protected":false},"author":3,"featured_media":48221,"comment_status":"open","ping_status":"closed","sticky":false,"template":"","format":"standard","meta":{"_acf_changed":false,"footnotes":""},"categories":[81,288],"tags":[],"class_list":["post-53892","post","type-post","status-publish","format-standard","has-post-thumbnail","hentry","category-en-portada","category-gramatica-espanol"],"acf":[],"yoast_head":"<!-- This site is optimized with the Yoast SEO plugin v26.9 - https:\/\/yoast.com\/product\/yoast-seo-wordpress\/ -->\n<title>Practica el imperfecto en espa\u00f1ol | TLCd\u00e9nia escuela de espa\u00f1ol<\/title>\n<meta name=\"description\" content=\"Aprende el imperfecto en espa\u00f1ol. Aprende las formas y practica la conversaci\u00f3n sobre tu infancia, la vida de tus abuelos, c\u00f3mo ha cambiado la sociedad, etc\" \/>\n<meta name=\"robots\" content=\"index, follow, max-snippet:-1, max-image-preview:large, max-video-preview:-1\" \/>\n<link rel=\"canonical\" href=\"https:\/\/tlcdenia.com\/es\/imperfecto-en-espanol\/\" \/>\n<meta property=\"og:locale\" content=\"es_ES\" \/>\n<meta property=\"og:type\" content=\"article\" \/>\n<meta property=\"og:title\" content=\"Practica el imperfecto en espa\u00f1ol\" \/>\n<meta property=\"og:description\" content=\"Aprende el imperfecto en espa\u00f1ol. Aprende las formas y practica la conversaci\u00f3n sobre tu infancia, la vida de tus abuelos, c\u00f3mo ha cambiado la sociedad, etc\" \/>\n<meta property=\"og:url\" content=\"https:\/\/tlcdenia.com\/es\/imperfecto-en-espanol\/\" \/>\n<meta property=\"og:site_name\" content=\"Escuela TLCd\u00e9nia - Sitio web oficial\" \/>\n<meta property=\"article:published_time\" content=\"2020-06-08T12:04:11+00:00\" \/>\n<meta property=\"article:modified_time\" content=\"2025-12-01T14:48:31+00:00\" \/>\n<meta name=\"author\" content=\"TLCd\u00e9nia\" \/>\n<meta name=\"twitter:card\" content=\"summary_large_image\" \/>\n<meta name=\"twitter:image\" content=\"https:\/\/tlcdenia.com\/wp-content\/uploads\/2023\/07\/practicar-imperfecto-infancia-1.jpg\" \/>\n<meta name=\"twitter:label1\" content=\"Escrito por\" \/>\n\t<meta name=\"twitter:data1\" content=\"TLCd\u00e9nia\" \/>\n\t<meta name=\"twitter:label2\" content=\"Tiempo de lectura\" \/>\n\t<meta name=\"twitter:data2\" content=\"3 minutos\" \/>\n<script type=\"application\/ld+json\" class=\"yoast-schema-graph\">{\"@context\":\"https:\/\/schema.org\",\"@graph\":[{\"@type\":\"Article\",\"@id\":\"https:\/\/tlcdenia.com\/es\/imperfecto-en-espanol\/#article\",\"isPartOf\":{\"@id\":\"https:\/\/tlcdenia.com\/es\/imperfecto-en-espanol\/\"},\"author\":{\"name\":\"TLCd\u00e9nia\",\"@id\":\"https:\/\/tlcdenia.com\/es\/#\/schema\/person\/0aa366bc9e603b32c37f10e5c3a9b091\"},\"headline\":\"Practica el imperfecto en espa\u00f1ol\",\"datePublished\":\"2020-06-08T12:04:11+00:00\",\"dateModified\":\"2025-12-01T14:48:31+00:00\",\"mainEntityOfPage\":{\"@id\":\"https:\/\/tlcdenia.com\/es\/imperfecto-en-espanol\/\"},\"wordCount\":358,\"commentCount\":0,\"image\":{\"@id\":\"https:\/\/tlcdenia.com\/es\/imperfecto-en-espanol\/#primaryimage\"},\"thumbnailUrl\":\"https:\/\/tlcdenia.com\/wp-content\/uploads\/2023\/07\/practicar-imperfecto-infancia-1.jpg\",\"articleSection\":[\"EN PORTADA\",\"GRAM\u00c1TICA ESPA\u00d1OLA\"],\"inLanguage\":\"es\",\"potentialAction\":[{\"@type\":\"CommentAction\",\"name\":\"Comment\",\"target\":[\"https:\/\/tlcdenia.com\/es\/imperfecto-en-espanol\/#respond\"]}]},{\"@type\":\"WebPage\",\"@id\":\"https:\/\/tlcdenia.com\/es\/imperfecto-en-espanol\/\",\"url\":\"https:\/\/tlcdenia.com\/es\/imperfecto-en-espanol\/\",\"name\":\"Practica el imperfecto en espa\u00f1ol | TLCd\u00e9nia escuela de espa\u00f1ol\",\"isPartOf\":{\"@id\":\"https:\/\/tlcdenia.com\/es\/#website\"},\"primaryImageOfPage\":{\"@id\":\"https:\/\/tlcdenia.com\/es\/imperfecto-en-espanol\/#primaryimage\"},\"image\":{\"@id\":\"https:\/\/tlcdenia.com\/es\/imperfecto-en-espanol\/#primaryimage\"},\"thumbnailUrl\":\"https:\/\/tlcdenia.com\/wp-content\/uploads\/2023\/07\/practicar-imperfecto-infancia-1.jpg\",\"datePublished\":\"2020-06-08T12:04:11+00:00\",\"dateModified\":\"2025-12-01T14:48:31+00:00\",\"author\":{\"@id\":\"https:\/\/tlcdenia.com\/es\/#\/schema\/person\/0aa366bc9e603b32c37f10e5c3a9b091\"},\"description\":\"Aprende el imperfecto en espa\u00f1ol. Aprende las formas y practica la conversaci\u00f3n sobre tu infancia, la vida de tus abuelos, c\u00f3mo ha cambiado la sociedad, etc\",\"breadcrumb\":{\"@id\":\"https:\/\/tlcdenia.com\/es\/imperfecto-en-espanol\/#breadcrumb\"},\"inLanguage\":\"es\",\"potentialAction\":[{\"@type\":\"ReadAction\",\"target\":[\"https:\/\/tlcdenia.com\/es\/imperfecto-en-espanol\/\"]}]},{\"@type\":\"ImageObject\",\"inLanguage\":\"es\",\"@id\":\"https:\/\/tlcdenia.com\/es\/imperfecto-en-espanol\/#primaryimage\",\"url\":\"https:\/\/tlcdenia.com\/wp-content\/uploads\/2023\/07\/practicar-imperfecto-infancia-1.jpg\",\"contentUrl\":\"https:\/\/tlcdenia.com\/wp-content\/uploads\/2023\/07\/practicar-imperfecto-infancia-1.jpg\",\"width\":800,\"height\":548},{\"@type\":\"BreadcrumbList\",\"@id\":\"https:\/\/tlcdenia.com\/es\/imperfecto-en-espanol\/#breadcrumb\",\"itemListElement\":[{\"@type\":\"ListItem\",\"position\":1,\"name\":\"Home\",\"item\":\"https:\/\/tlcdenia.com\/es\/\"},{\"@type\":\"ListItem\",\"position\":2,\"name\":\"Practica el imperfecto en espa\u00f1ol\"}]},{\"@type\":\"WebSite\",\"@id\":\"https:\/\/tlcdenia.com\/es\/#website\",\"url\":\"https:\/\/tlcdenia.com\/es\/\",\"name\":\"Escuela TLCd\u00e9nia - Sitio web oficial\",\"description\":\"Languages Center\",\"potentialAction\":[{\"@type\":\"SearchAction\",\"target\":{\"@type\":\"EntryPoint\",\"urlTemplate\":\"https:\/\/tlcdenia.com\/es\/?s={search_term_string}\"},\"query-input\":{\"@type\":\"PropertyValueSpecification\",\"valueRequired\":true,\"valueName\":\"search_term_string\"}}],\"inLanguage\":\"es\"},{\"@type\":\"Person\",\"@id\":\"https:\/\/tlcdenia.com\/es\/#\/schema\/person\/0aa366bc9e603b32c37f10e5c3a9b091\",\"name\":\"TLCd\u00e9nia\"}]}<\/script>\n<!-- \/ Yoast SEO plugin. -->","yoast_head_json":{"title":"Practica el imperfecto en espa\u00f1ol | TLCd\u00e9nia escuela de espa\u00f1ol","description":"Aprende el imperfecto en espa\u00f1ol. Aprende las formas y practica la conversaci\u00f3n sobre tu infancia, la vida de tus abuelos, c\u00f3mo ha cambiado la sociedad, etc","robots":{"index":"index","follow":"follow","max-snippet":"max-snippet:-1","max-image-preview":"max-image-preview:large","max-video-preview":"max-video-preview:-1"},"canonical":"https:\/\/tlcdenia.com\/es\/imperfecto-en-espanol\/","og_locale":"es_ES","og_type":"article","og_title":"Practica el imperfecto en espa\u00f1ol","og_description":"Aprende el imperfecto en espa\u00f1ol. Aprende las formas y practica la conversaci\u00f3n sobre tu infancia, la vida de tus abuelos, c\u00f3mo ha cambiado la sociedad, etc","og_url":"https:\/\/tlcdenia.com\/es\/imperfecto-en-espanol\/","og_site_name":"Escuela TLCd\u00e9nia - Sitio web oficial","article_published_time":"2020-06-08T12:04:11+00:00","article_modified_time":"2025-12-01T14:48:31+00:00","author":"TLCd\u00e9nia","twitter_card":"summary_large_image","twitter_image":"https:\/\/tlcdenia.com\/wp-content\/uploads\/2023\/07\/practicar-imperfecto-infancia-1.jpg","twitter_misc":{"Escrito por":"TLCd\u00e9nia","Tiempo de lectura":"3 minutos"},"schema":{"@context":"https:\/\/schema.org","@graph":[{"@type":"Article","@id":"https:\/\/tlcdenia.com\/es\/imperfecto-en-espanol\/#article","isPartOf":{"@id":"https:\/\/tlcdenia.com\/es\/imperfecto-en-espanol\/"},"author":{"name":"TLCd\u00e9nia","@id":"https:\/\/tlcdenia.com\/es\/#\/schema\/person\/0aa366bc9e603b32c37f10e5c3a9b091"},"headline":"Practica el imperfecto en espa\u00f1ol","datePublished":"2020-06-08T12:04:11+00:00","dateModified":"2025-12-01T14:48:31+00:00","mainEntityOfPage":{"@id":"https:\/\/tlcdenia.com\/es\/imperfecto-en-espanol\/"},"wordCount":358,"commentCount":0,"image":{"@id":"https:\/\/tlcdenia.com\/es\/imperfecto-en-espanol\/#primaryimage"},"thumbnailUrl":"https:\/\/tlcdenia.com\/wp-content\/uploads\/2023\/07\/practicar-imperfecto-infancia-1.jpg","articleSection":["EN PORTADA","GRAM\u00c1TICA ESPA\u00d1OLA"],"inLanguage":"es","potentialAction":[{"@type":"CommentAction","name":"Comment","target":["https:\/\/tlcdenia.com\/es\/imperfecto-en-espanol\/#respond"]}]},{"@type":"WebPage","@id":"https:\/\/tlcdenia.com\/es\/imperfecto-en-espanol\/","url":"https:\/\/tlcdenia.com\/es\/imperfecto-en-espanol\/","name":"Practica el imperfecto en espa\u00f1ol | TLCd\u00e9nia escuela de espa\u00f1ol","isPartOf":{"@id":"https:\/\/tlcdenia.com\/es\/#website"},"primaryImageOfPage":{"@id":"https:\/\/tlcdenia.com\/es\/imperfecto-en-espanol\/#primaryimage"},"image":{"@id":"https:\/\/tlcdenia.com\/es\/imperfecto-en-espanol\/#primaryimage"},"thumbnailUrl":"https:\/\/tlcdenia.com\/wp-content\/uploads\/2023\/07\/practicar-imperfecto-infancia-1.jpg","datePublished":"2020-06-08T12:04:11+00:00","dateModified":"2025-12-01T14:48:31+00:00","author":{"@id":"https:\/\/tlcdenia.com\/es\/#\/schema\/person\/0aa366bc9e603b32c37f10e5c3a9b091"},"description":"Aprende el imperfecto en espa\u00f1ol. Aprende las formas y practica la conversaci\u00f3n sobre tu infancia, la vida de tus abuelos, c\u00f3mo ha cambiado la sociedad, etc","breadcrumb":{"@id":"https:\/\/tlcdenia.com\/es\/imperfecto-en-espanol\/#breadcrumb"},"inLanguage":"es","potentialAction":[{"@type":"ReadAction","target":["https:\/\/tlcdenia.com\/es\/imperfecto-en-espanol\/"]}]},{"@type":"ImageObject","inLanguage":"es","@id":"https:\/\/tlcdenia.com\/es\/imperfecto-en-espanol\/#primaryimage","url":"https:\/\/tlcdenia.com\/wp-content\/uploads\/2023\/07\/practicar-imperfecto-infancia-1.jpg","contentUrl":"https:\/\/tlcdenia.com\/wp-content\/uploads\/2023\/07\/practicar-imperfecto-infancia-1.jpg","width":800,"height":548},{"@type":"BreadcrumbList","@id":"https:\/\/tlcdenia.com\/es\/imperfecto-en-espanol\/#breadcrumb","itemListElement":[{"@type":"ListItem","position":1,"name":"Home","item":"https:\/\/tlcdenia.com\/es\/"},{"@type":"ListItem","position":2,"name":"Practica el imperfecto en espa\u00f1ol"}]},{"@type":"WebSite","@id":"https:\/\/tlcdenia.com\/es\/#website","url":"https:\/\/tlcdenia.com\/es\/","name":"Escuela TLCd\u00e9nia - Sitio web oficial","description":"Languages Center","potentialAction":[{"@type":"SearchAction","target":{"@type":"EntryPoint","urlTemplate":"https:\/\/tlcdenia.com\/es\/?s={search_term_string}"},"query-input":{"@type":"PropertyValueSpecification","valueRequired":true,"valueName":"search_term_string"}}],"inLanguage":"es"},{"@type":"Person","@id":"https:\/\/tlcdenia.com\/es\/#\/schema\/person\/0aa366bc9e603b32c37f10e5c3a9b091","name":"TLCd\u00e9nia"}]}},"_links":{"self":[{"href":"https:\/\/tlcdenia.com\/es\/wp-json\/wp\/v2\/posts\/53892","targetHints":{"allow":["GET"]}}],"collection":[{"href":"https:\/\/tlcdenia.com\/es\/wp-json\/wp\/v2\/posts"}],"about":[{"href":"https:\/\/tlcdenia.com\/es\/wp-json\/wp\/v2\/types\/post"}],"author":[{"embeddable":true,"href":"https:\/\/tlcdenia.com\/es\/wp-json\/wp\/v2\/users\/3"}],"replies":[{"embeddable":true,"href":"https:\/\/tlcdenia.com\/es\/wp-json\/wp\/v2\/comments?post=53892"}],"version-history":[{"count":4,"href":"https:\/\/tlcdenia.com\/es\/wp-json\/wp\/v2\/posts\/53892\/revisions"}],"predecessor-version":[{"id":110884,"href":"https:\/\/tlcdenia.com\/es\/wp-json\/wp\/v2\/posts\/53892\/revisions\/110884"}],"wp:featuredmedia":[{"embeddable":true,"href":"https:\/\/tlcdenia.com\/es\/wp-json\/wp\/v2\/media\/48221"}],"wp:attachment":[{"href":"https:\/\/tlcdenia.com\/es\/wp-json\/wp\/v2\/media?parent=53892"}],"wp:term":[{"taxonomy":"category","embeddable":true,"href":"https:\/\/tlcdenia.com\/es\/wp-json\/wp\/v2\/categories?post=53892"},{"taxonomy":"post_tag","embeddable":true,"href":"https:\/\/tlcdenia.com\/es\/wp-json\/wp\/v2\/tags?post=53892"}],"curies":[{"name":"wp","href":"https:\/\/api.w.org\/{rel}","templated":true}]}}