{"id":27897,"date":"2019-02-21T11:11:12","date_gmt":"2019-02-21T11:11:12","guid":{"rendered":"https:\/\/tlcdenia.xyz\/?p=27897"},"modified":"2025-12-04T11:37:10","modified_gmt":"2025-12-04T11:37:10","slug":"denia-feierlichkeiten-moros-cristianos","status":"publish","type":"post","link":"https:\/\/tlcdenia.com\/de\/denia-feierlichkeiten-moros-cristianos\/","title":{"rendered":"Mauren und Christenfest in Denia"},"content":{"rendered":"<p>W\u00e4hrend dieser Feierlichkeiten werden die Stra\u00dfen von D\u00e9nia in die Vergangenheit zur\u00fcckversetzt, mit dem&nbsp;<strong>Fest der Mauren und Christen zu Ehren des heiligen Sant Roc<\/strong>. Es findet vom 13. bis 16. August statt, obwohl auch am Anfang des Monats verschiedene Evente stattfinden.<br \/>\nIn diesen Tagen gedenkt man dem Kampf um dieses Territorium zwischen Mauren und Christen, ein Kampf der mit der R\u00fcckeroberung des Gebiets durch die Christen endete und die Jahrhundertlange Belagerung durch die Mauren beendete.<\/p>\n<p>Diese Zeitepoche wird durch Events wie den&nbsp;<strong>Einfall der Mauren in den Hafen von D\u00e9nia<\/strong>, welcher das Eindringen der Mauren in das gesamte Gebiet symbolisiert, representiert. Darauf folgt das&nbsp;<strong>Unterzeichnen des Friedensvertrages<\/strong>&nbsp;von Abgesandten beider Seiten auf der Plaza del Consell, den die Mauren brachen und die Christen schlie\u00dflich zu den Waffen greifen lie\u00df.<\/p>\n<p>Wenn der Kampf einmal begonnen hat, kann man die Mauren und Christen in ihren traditionellen Trachten sehen und die \u201cfilaes\u201d wie sie marschieren und stolz ihre Ehre verteidigen. Dieser&nbsp;<strong>Festumzug<\/strong>&nbsp;zieht sich durch die Hauptstra\u00dfen von D\u00e9nia: am 14. f\u00fcr die J\u00fcngeren und am 15. (dem \u201cd\u00eda grande\u201d der Feierlichkeiten) f\u00fcr die Erwachsenen. Dieser Umzug ist das Hauptereigniss des Festes. Die Entfaltung von Musik, Eleganz und Kunst auf beiden Seiten verbl\u00fcfft die Zuschauer.<\/p>\n<p>Am letzten Tag der Feierllichkeiten, dem 16. August, findet der&nbsp;<strong>Einfall der Christen<\/strong>&nbsp;statt, bei dem die&nbsp;<em>festeros&nbsp;<\/em>Christen zum Hafen ziehen um die Mauren herauszufordern (<strong>los parlamentos<\/strong>). Die Auseinandersetzung gipfelt in einem Kampf (<b>la batalla de arcabucer\u00eda)<\/b>&nbsp;den die Mauren nicht gewinnen k\u00f6nnen (<b>milagro de la niebla)&nbsp;<\/b>und schlie\u00dflich aufgeben (<strong>la rendici\u00f3n<\/strong>).<\/p>\n<p>Trotz des Ausgangs des Kampfes ziehen die&nbsp;<em>festeros&nbsp;<\/em>in einem informellen Umzug Richtung plaza del Convent um die Hymne von D\u00e9nia anzuh\u00f6ren.<\/p>\n<p>Letztendlich beenden&nbsp;<strong>die k\u00fcnstlichen Feuer der Burg<\/strong>&nbsp;die Feierlichkeiten um Mitternacht. Die Feuer, die man vom Strand aus sehen kann, beenden damit eine magische und unvergessliche Nacht.<\/p>\n<p>Es ist ein Fest um die Geschichte, die Traditionen und die Magie einer Stadt zu ehren, die die Vergangenheit Jahr f\u00fcr Jahr wiederaufleben l\u00e4sst.<br \/>\nWenn Sie D\u00e9nia f\u00fcr diese Feierlichkeiten besuchen, werden Sie es bestimmt nicht vergessen!<\/p>\n<p>&nbsp;<\/p>\n","protected":false},"excerpt":{"rendered":"<p>W\u00e4hrend dieser Feierlichkeiten werden die Stra\u00dfen von D\u00e9nia in die Vergangenheit zur\u00fcckversetzt, mit dem&nbsp;Fest der Mauren und Christen zu Ehren des heiligen Sant Roc. Es findet vom 13. bis 16. August statt, obwohl auch am Anfang des Monats verschiedene Evente &hellip; <\/p>\n","protected":false},"author":3,"featured_media":27900,"comment_status":"open","ping_status":"closed","sticky":false,"template":"","format":"standard","meta":{"_acf_changed":false,"footnotes":""},"categories":[211],"tags":[],"class_list":["post-27897","post","type-post","status-publish","format-standard","has-post-thumbnail","hentry","category-spanische-kultur"],"acf":[],"yoast_head":"<!-- This site is optimized with the Yoast SEO plugin v26.9 - https:\/\/yoast.com\/product\/yoast-seo-wordpress\/ -->\n<title>Mauren und Christenfest in Denia | &quot;Moros y Cristianos&quot; Feierlichkeiten<\/title>\n<meta name=\"description\" content=\"Die Schutzheiligen der Mauren und Christen in Denia finden im August statt. Erfahren Sie mehr \u00fcber diese Feierlichkeiten und genie\u00dfe sie!\" \/>\n<meta name=\"robots\" content=\"index, follow, max-snippet:-1, max-image-preview:large, max-video-preview:-1\" \/>\n<link rel=\"canonical\" href=\"https:\/\/tlcdenia.com\/de\/denia-feierlichkeiten-moros-cristianos\/\" \/>\n<meta property=\"og:locale\" content=\"de_DE\" \/>\n<meta property=\"og:type\" content=\"article\" \/>\n<meta property=\"og:title\" content=\"Mauren und Christenfest in Denia | &quot;Moros y Cristianos&quot; Feierlichkeiten\" \/>\n<meta property=\"og:description\" content=\"Die Schutzheiligen der Mauren und Christen in Denia finden im August statt. Erfahren Sie mehr \u00fcber diese Feierlichkeiten und genie\u00dfe sie!\" \/>\n<meta property=\"og:url\" content=\"https:\/\/tlcdenia.com\/de\/denia-feierlichkeiten-moros-cristianos\/\" \/>\n<meta property=\"og:site_name\" content=\"TLCd\u00e9nia Schule \u2013 Offizielle Website\" \/>\n<meta property=\"article:published_time\" content=\"2019-02-21T11:11:12+00:00\" \/>\n<meta property=\"article:modified_time\" content=\"2025-12-04T11:37:10+00:00\" \/>\n<meta property=\"og:image\" content=\"https:\/\/tlcdenia.com\/wp-content\/uploads\/2021\/04\/feierlichkeiten-moros-cristianos-denia.jpg\" \/>\n\t<meta property=\"og:image:width\" content=\"900\" \/>\n\t<meta property=\"og:image:height\" content=\"506\" \/>\n\t<meta property=\"og:image:type\" content=\"image\/jpeg\" \/>\n<meta name=\"author\" content=\"TLCd\u00e9nia\" \/>\n<meta name=\"twitter:card\" content=\"summary_large_image\" \/>\n<meta name=\"twitter:label1\" content=\"Verfasst von\" \/>\n\t<meta name=\"twitter:data1\" content=\"TLCd\u00e9nia\" \/>\n\t<meta name=\"twitter:label2\" content=\"Gesch\u00e4tzte Lesezeit\" \/>\n\t<meta name=\"twitter:data2\" content=\"2\u00a0Minuten\" \/>\n<script type=\"application\/ld+json\" class=\"yoast-schema-graph\">{\"@context\":\"https:\/\/schema.org\",\"@graph\":[{\"@type\":\"Article\",\"@id\":\"https:\/\/tlcdenia.com\/de\/denia-feierlichkeiten-moros-cristianos\/#article\",\"isPartOf\":{\"@id\":\"https:\/\/tlcdenia.com\/de\/denia-feierlichkeiten-moros-cristianos\/\"},\"author\":{\"name\":\"TLCd\u00e9nia\",\"@id\":\"https:\/\/tlcdenia.com\/de\/#\/schema\/person\/0aa366bc9e603b32c37f10e5c3a9b091\"},\"headline\":\"Mauren und Christenfest in Denia\",\"datePublished\":\"2019-02-21T11:11:12+00:00\",\"dateModified\":\"2025-12-04T11:37:10+00:00\",\"mainEntityOfPage\":{\"@id\":\"https:\/\/tlcdenia.com\/de\/denia-feierlichkeiten-moros-cristianos\/\"},\"wordCount\":384,\"commentCount\":0,\"image\":{\"@id\":\"https:\/\/tlcdenia.com\/de\/denia-feierlichkeiten-moros-cristianos\/#primaryimage\"},\"thumbnailUrl\":\"https:\/\/tlcdenia.com\/wp-content\/uploads\/2021\/04\/feierlichkeiten-moros-cristianos-denia.jpg\",\"articleSection\":[\"SPANISCHE KULTUR\"],\"inLanguage\":\"de\",\"potentialAction\":[{\"@type\":\"CommentAction\",\"name\":\"Comment\",\"target\":[\"https:\/\/tlcdenia.com\/de\/denia-feierlichkeiten-moros-cristianos\/#respond\"]}]},{\"@type\":\"WebPage\",\"@id\":\"https:\/\/tlcdenia.com\/de\/denia-feierlichkeiten-moros-cristianos\/\",\"url\":\"https:\/\/tlcdenia.com\/de\/denia-feierlichkeiten-moros-cristianos\/\",\"name\":\"Mauren und Christenfest in Denia | \\\"Moros y Cristianos\\\" Feierlichkeiten\",\"isPartOf\":{\"@id\":\"https:\/\/tlcdenia.com\/de\/#website\"},\"primaryImageOfPage\":{\"@id\":\"https:\/\/tlcdenia.com\/de\/denia-feierlichkeiten-moros-cristianos\/#primaryimage\"},\"image\":{\"@id\":\"https:\/\/tlcdenia.com\/de\/denia-feierlichkeiten-moros-cristianos\/#primaryimage\"},\"thumbnailUrl\":\"https:\/\/tlcdenia.com\/wp-content\/uploads\/2021\/04\/feierlichkeiten-moros-cristianos-denia.jpg\",\"datePublished\":\"2019-02-21T11:11:12+00:00\",\"dateModified\":\"2025-12-04T11:37:10+00:00\",\"author\":{\"@id\":\"https:\/\/tlcdenia.com\/de\/#\/schema\/person\/0aa366bc9e603b32c37f10e5c3a9b091\"},\"description\":\"Die Schutzheiligen der Mauren und Christen in Denia finden im August statt. Erfahren Sie mehr \u00fcber diese Feierlichkeiten und genie\u00dfe sie!\",\"breadcrumb\":{\"@id\":\"https:\/\/tlcdenia.com\/de\/denia-feierlichkeiten-moros-cristianos\/#breadcrumb\"},\"inLanguage\":\"de\",\"potentialAction\":[{\"@type\":\"ReadAction\",\"target\":[\"https:\/\/tlcdenia.com\/de\/denia-feierlichkeiten-moros-cristianos\/\"]}]},{\"@type\":\"ImageObject\",\"inLanguage\":\"de\",\"@id\":\"https:\/\/tlcdenia.com\/de\/denia-feierlichkeiten-moros-cristianos\/#primaryimage\",\"url\":\"https:\/\/tlcdenia.com\/wp-content\/uploads\/2021\/04\/feierlichkeiten-moros-cristianos-denia.jpg\",\"contentUrl\":\"https:\/\/tlcdenia.com\/wp-content\/uploads\/2021\/04\/feierlichkeiten-moros-cristianos-denia.jpg\",\"width\":900,\"height\":506,\"caption\":\"feierlichkeiten moros cristianos denia\"},{\"@type\":\"BreadcrumbList\",\"@id\":\"https:\/\/tlcdenia.com\/de\/denia-feierlichkeiten-moros-cristianos\/#breadcrumb\",\"itemListElement\":[{\"@type\":\"ListItem\",\"position\":1,\"name\":\"Home\",\"item\":\"https:\/\/tlcdenia.com\/de\/\"},{\"@type\":\"ListItem\",\"position\":2,\"name\":\"Mauren und Christenfest in Denia\"}]},{\"@type\":\"WebSite\",\"@id\":\"https:\/\/tlcdenia.com\/de\/#website\",\"url\":\"https:\/\/tlcdenia.com\/de\/\",\"name\":\"TLCd\u00e9nia Schule \u2013 Offizielle Website\",\"description\":\"Languages Center\",\"potentialAction\":[{\"@type\":\"SearchAction\",\"target\":{\"@type\":\"EntryPoint\",\"urlTemplate\":\"https:\/\/tlcdenia.com\/de\/?s={search_term_string}\"},\"query-input\":{\"@type\":\"PropertyValueSpecification\",\"valueRequired\":true,\"valueName\":\"search_term_string\"}}],\"inLanguage\":\"de\"},{\"@type\":\"Person\",\"@id\":\"https:\/\/tlcdenia.com\/de\/#\/schema\/person\/0aa366bc9e603b32c37f10e5c3a9b091\",\"name\":\"TLCd\u00e9nia\"}]}<\/script>\n<!-- \/ Yoast SEO plugin. -->","yoast_head_json":{"title":"Mauren und Christenfest in Denia | \"Moros y Cristianos\" Feierlichkeiten","description":"Die Schutzheiligen der Mauren und Christen in Denia finden im August statt. Erfahren Sie mehr \u00fcber diese Feierlichkeiten und genie\u00dfe sie!","robots":{"index":"index","follow":"follow","max-snippet":"max-snippet:-1","max-image-preview":"max-image-preview:large","max-video-preview":"max-video-preview:-1"},"canonical":"https:\/\/tlcdenia.com\/de\/denia-feierlichkeiten-moros-cristianos\/","og_locale":"de_DE","og_type":"article","og_title":"Mauren und Christenfest in Denia | \"Moros y Cristianos\" Feierlichkeiten","og_description":"Die Schutzheiligen der Mauren und Christen in Denia finden im August statt. Erfahren Sie mehr \u00fcber diese Feierlichkeiten und genie\u00dfe sie!","og_url":"https:\/\/tlcdenia.com\/de\/denia-feierlichkeiten-moros-cristianos\/","og_site_name":"TLCd\u00e9nia Schule \u2013 Offizielle Website","article_published_time":"2019-02-21T11:11:12+00:00","article_modified_time":"2025-12-04T11:37:10+00:00","og_image":[{"width":900,"height":506,"url":"https:\/\/tlcdenia.com\/wp-content\/uploads\/2021\/04\/feierlichkeiten-moros-cristianos-denia.jpg","type":"image\/jpeg"}],"author":"TLCd\u00e9nia","twitter_card":"summary_large_image","twitter_misc":{"Verfasst von":"TLCd\u00e9nia","Gesch\u00e4tzte Lesezeit":"2\u00a0Minuten"},"schema":{"@context":"https:\/\/schema.org","@graph":[{"@type":"Article","@id":"https:\/\/tlcdenia.com\/de\/denia-feierlichkeiten-moros-cristianos\/#article","isPartOf":{"@id":"https:\/\/tlcdenia.com\/de\/denia-feierlichkeiten-moros-cristianos\/"},"author":{"name":"TLCd\u00e9nia","@id":"https:\/\/tlcdenia.com\/de\/#\/schema\/person\/0aa366bc9e603b32c37f10e5c3a9b091"},"headline":"Mauren und Christenfest in Denia","datePublished":"2019-02-21T11:11:12+00:00","dateModified":"2025-12-04T11:37:10+00:00","mainEntityOfPage":{"@id":"https:\/\/tlcdenia.com\/de\/denia-feierlichkeiten-moros-cristianos\/"},"wordCount":384,"commentCount":0,"image":{"@id":"https:\/\/tlcdenia.com\/de\/denia-feierlichkeiten-moros-cristianos\/#primaryimage"},"thumbnailUrl":"https:\/\/tlcdenia.com\/wp-content\/uploads\/2021\/04\/feierlichkeiten-moros-cristianos-denia.jpg","articleSection":["SPANISCHE KULTUR"],"inLanguage":"de","potentialAction":[{"@type":"CommentAction","name":"Comment","target":["https:\/\/tlcdenia.com\/de\/denia-feierlichkeiten-moros-cristianos\/#respond"]}]},{"@type":"WebPage","@id":"https:\/\/tlcdenia.com\/de\/denia-feierlichkeiten-moros-cristianos\/","url":"https:\/\/tlcdenia.com\/de\/denia-feierlichkeiten-moros-cristianos\/","name":"Mauren und Christenfest in Denia | \"Moros y Cristianos\" Feierlichkeiten","isPartOf":{"@id":"https:\/\/tlcdenia.com\/de\/#website"},"primaryImageOfPage":{"@id":"https:\/\/tlcdenia.com\/de\/denia-feierlichkeiten-moros-cristianos\/#primaryimage"},"image":{"@id":"https:\/\/tlcdenia.com\/de\/denia-feierlichkeiten-moros-cristianos\/#primaryimage"},"thumbnailUrl":"https:\/\/tlcdenia.com\/wp-content\/uploads\/2021\/04\/feierlichkeiten-moros-cristianos-denia.jpg","datePublished":"2019-02-21T11:11:12+00:00","dateModified":"2025-12-04T11:37:10+00:00","author":{"@id":"https:\/\/tlcdenia.com\/de\/#\/schema\/person\/0aa366bc9e603b32c37f10e5c3a9b091"},"description":"Die Schutzheiligen der Mauren und Christen in Denia finden im August statt. Erfahren Sie mehr \u00fcber diese Feierlichkeiten und genie\u00dfe sie!","breadcrumb":{"@id":"https:\/\/tlcdenia.com\/de\/denia-feierlichkeiten-moros-cristianos\/#breadcrumb"},"inLanguage":"de","potentialAction":[{"@type":"ReadAction","target":["https:\/\/tlcdenia.com\/de\/denia-feierlichkeiten-moros-cristianos\/"]}]},{"@type":"ImageObject","inLanguage":"de","@id":"https:\/\/tlcdenia.com\/de\/denia-feierlichkeiten-moros-cristianos\/#primaryimage","url":"https:\/\/tlcdenia.com\/wp-content\/uploads\/2021\/04\/feierlichkeiten-moros-cristianos-denia.jpg","contentUrl":"https:\/\/tlcdenia.com\/wp-content\/uploads\/2021\/04\/feierlichkeiten-moros-cristianos-denia.jpg","width":900,"height":506,"caption":"feierlichkeiten moros cristianos denia"},{"@type":"BreadcrumbList","@id":"https:\/\/tlcdenia.com\/de\/denia-feierlichkeiten-moros-cristianos\/#breadcrumb","itemListElement":[{"@type":"ListItem","position":1,"name":"Home","item":"https:\/\/tlcdenia.com\/de\/"},{"@type":"ListItem","position":2,"name":"Mauren und Christenfest in Denia"}]},{"@type":"WebSite","@id":"https:\/\/tlcdenia.com\/de\/#website","url":"https:\/\/tlcdenia.com\/de\/","name":"TLCd\u00e9nia Schule \u2013 Offizielle Website","description":"Languages Center","potentialAction":[{"@type":"SearchAction","target":{"@type":"EntryPoint","urlTemplate":"https:\/\/tlcdenia.com\/de\/?s={search_term_string}"},"query-input":{"@type":"PropertyValueSpecification","valueRequired":true,"valueName":"search_term_string"}}],"inLanguage":"de"},{"@type":"Person","@id":"https:\/\/tlcdenia.com\/de\/#\/schema\/person\/0aa366bc9e603b32c37f10e5c3a9b091","name":"TLCd\u00e9nia"}]}},"_links":{"self":[{"href":"https:\/\/tlcdenia.com\/de\/wp-json\/wp\/v2\/posts\/27897","targetHints":{"allow":["GET"]}}],"collection":[{"href":"https:\/\/tlcdenia.com\/de\/wp-json\/wp\/v2\/posts"}],"about":[{"href":"https:\/\/tlcdenia.com\/de\/wp-json\/wp\/v2\/types\/post"}],"author":[{"embeddable":true,"href":"https:\/\/tlcdenia.com\/de\/wp-json\/wp\/v2\/users\/3"}],"replies":[{"embeddable":true,"href":"https:\/\/tlcdenia.com\/de\/wp-json\/wp\/v2\/comments?post=27897"}],"version-history":[{"count":1,"href":"https:\/\/tlcdenia.com\/de\/wp-json\/wp\/v2\/posts\/27897\/revisions"}],"predecessor-version":[{"id":111187,"href":"https:\/\/tlcdenia.com\/de\/wp-json\/wp\/v2\/posts\/27897\/revisions\/111187"}],"wp:featuredmedia":[{"embeddable":true,"href":"https:\/\/tlcdenia.com\/de\/wp-json\/wp\/v2\/media\/27900"}],"wp:attachment":[{"href":"https:\/\/tlcdenia.com\/de\/wp-json\/wp\/v2\/media?parent=27897"}],"wp:term":[{"taxonomy":"category","embeddable":true,"href":"https:\/\/tlcdenia.com\/de\/wp-json\/wp\/v2\/categories?post=27897"},{"taxonomy":"post_tag","embeddable":true,"href":"https:\/\/tlcdenia.com\/de\/wp-json\/wp\/v2\/tags?post=27897"}],"curies":[{"name":"wp","href":"https:\/\/api.w.org\/{rel}","templated":true}]}}