{"id":27850,"date":"2020-02-13T10:11:49","date_gmt":"2020-02-13T10:11:49","guid":{"rendered":"https:\/\/tlcdenia.xyz\/?p=27850"},"modified":"2025-05-22T11:55:54","modified_gmt":"2025-05-22T11:55:54","slug":"finanzierung-ihres-bildungsurlaubes","status":"publish","type":"post","link":"https:\/\/tlcdenia.com\/de\/finanzierung-ihres-bildungsurlaubes\/","title":{"rendered":"Finanzierung Ihres Bildungsurlaubes"},"content":{"rendered":"\t\t<div data-elementor-type=\"wp-post\" data-elementor-id=\"27850\" class=\"elementor elementor-27850\" data-elementor-post-type=\"post\">\n\t\t\t\t\t\t<section class=\"elementor-section elementor-top-section elementor-element elementor-element-c35ee88 elementor-section-boxed elementor-section-height-default elementor-section-height-default\" data-id=\"c35ee88\" data-element_type=\"section\" data-e-type=\"section\">\n\t\t\t\t\t\t<div class=\"elementor-container elementor-column-gap-default\">\n\t\t\t\t\t<div class=\"elementor-column elementor-col-100 elementor-top-column elementor-element elementor-element-6905995\" data-id=\"6905995\" data-element_type=\"column\" data-e-type=\"column\">\n\t\t\t<div class=\"elementor-widget-wrap elementor-element-populated\">\n\t\t\t\t\t\t<div class=\"elementor-element elementor-element-00d0795 elementor-widget elementor-widget-text-editor\" data-id=\"00d0795\" data-element_type=\"widget\" data-e-type=\"widget\" data-widget_type=\"text-editor.default\">\n\t\t\t\t<div class=\"elementor-widget-container\">\n\t\t\t\t\t\t\t\t\t<p>Sie haben sich daf\u00fcr entschieden einen Bildungsurlaub anzutreten? Gut! F\u00fcr mehr Informationen \u00fcber unsere Sprachkurse f\u00fcr Ihren Bildunsurlaub, klicken Sie hier:\u00a0<a title=\"Sprachkurs Bildungsurlaub Spanien\" href=\"https:\/\/tlcdenia.com\/de\/spanisch-sprachkurs-bildungsurlaub-spanien\/\" target=\"_blank\" rel=\"noopener\">Sprachkurse f\u00fcr Ihren Bildunsurlaub<\/a><br \/>Jetzt bleibt nur noch die Frage der Finanzierung offen. Die Bundesregierung und einige Bundesl\u00e4nder bieten F\u00f6rderungen f\u00fcr die<b> individuelle<\/b> Weiterbildung an.<\/p><p>Im folgendem Artikel stellen wir einige verschiedene F\u00f6rderungs- und Finanzierungsm\u00f6glichkeiten vor:<\/p><p><strong>Die Bildungspr\u00e4mie<\/strong><\/p><p>Mit der <strong>Bildungspr\u00e4mie<\/strong> werden individuelle berufsbezogene Weiterbildungen gef\u00f6rdert. Dabei teilt sie sich in Pr\u00e4miengutschein und Spargutschein. Mit dem <b>Pr\u00e4miengutschein<\/b> werden die H\u00e4lfte der Weiterbildungsgeb\u00fchren \u00fcbernommen (bis zu 1.000 \u20ac) Dieser kann nur ausgestellt werden wenn Sie:<\/p><ul><li>Das 25. Lebensjahr vollendet haben<\/li><li>Mindestend 15 Stunden pro Woche erwerbst\u00e4tig sind (oder sich in Eltern- oder Pflegezeit befinden)<\/li><li>Ihr zu versteuerndes Jahreseinkommen nicht mehr als 20.000 \u20ac betr\u00e4gt. (40.000 \u20ac gemeinsam veranlagt)<\/li><\/ul><p>Mit dem <b>Spargutschein<\/b> k\u00f6nnen l\u00e4ngere und teurere Bildungsurlaube finanziert werden. Voraussetzung daf\u00fcr ist ein entsprechendes Ansparguthaben nach dem Verm\u00f6gensbildungsgesetz.<\/p><p>Beide Gutscheine werden in Beratungsstellen ausgestellt, von denen es \u00fcber 500 in ganz Deutschland gibt.<\/p>\t\t\t\t\t\t\t\t<\/div>\n\t\t\t\t<\/div>\n\t\t\t\t\t<\/div>\n\t\t<\/div>\n\t\t\t\t\t<\/div>\n\t\t<\/section>\n\t\t\t\t<section class=\"elementor-section elementor-top-section elementor-element elementor-element-a21dc39 elementor-section-boxed elementor-section-height-default elementor-section-height-default\" data-id=\"a21dc39\" data-element_type=\"section\" data-e-type=\"section\">\n\t\t\t\t\t\t<div class=\"elementor-container elementor-column-gap-default\">\n\t\t\t\t\t<div class=\"elementor-column elementor-col-100 elementor-top-column elementor-element elementor-element-7f16a51\" data-id=\"7f16a51\" data-element_type=\"column\" data-e-type=\"column\">\n\t\t\t<div class=\"elementor-widget-wrap elementor-element-populated\">\n\t\t\t\t\t\t<div class=\"elementor-element elementor-element-7a6dc54 elementor-widget elementor-widget-image\" data-id=\"7a6dc54\" data-element_type=\"widget\" data-e-type=\"widget\" data-widget_type=\"image.default\">\n\t\t\t\t<div class=\"elementor-widget-container\">\n\t\t\t\t\t\t\t\t\t\t\t\t\t\t\t<img fetchpriority=\"high\" decoding=\"async\" width=\"900\" height=\"600\" src=\"https:\/\/tlcdenia.com\/wp-content\/uploads\/2021\/04\/bildungsurlaub-spanien-denia.jpg\" class=\"attachment-full size-full wp-image-27859\" alt=\"Mann schreibt\" srcset=\"https:\/\/tlcdenia.com\/wp-content\/uploads\/2021\/04\/bildungsurlaub-spanien-denia.jpg 900w, https:\/\/tlcdenia.com\/wp-content\/uploads\/2021\/04\/bildungsurlaub-spanien-denia-300x200.jpg 300w, https:\/\/tlcdenia.com\/wp-content\/uploads\/2021\/04\/bildungsurlaub-spanien-denia-768x512.jpg 768w\" sizes=\"(max-width: 900px) 100vw, 900px\" \/>\t\t\t\t\t\t\t\t\t\t\t\t\t\t\t<\/div>\n\t\t\t\t<\/div>\n\t\t\t\t\t<\/div>\n\t\t<\/div>\n\t\t\t\t\t<\/div>\n\t\t<\/section>\n\t\t\t\t<section class=\"elementor-section elementor-top-section elementor-element elementor-element-02241c0 elementor-section-boxed elementor-section-height-default elementor-section-height-default\" data-id=\"02241c0\" data-element_type=\"section\" data-e-type=\"section\">\n\t\t\t\t\t\t<div class=\"elementor-container elementor-column-gap-default\">\n\t\t\t\t\t<div class=\"elementor-column elementor-col-100 elementor-top-column elementor-element elementor-element-5a018c4\" data-id=\"5a018c4\" data-element_type=\"column\" data-e-type=\"column\">\n\t\t\t<div class=\"elementor-widget-wrap elementor-element-populated\">\n\t\t\t\t\t\t<div class=\"elementor-element elementor-element-9be0498 elementor-widget elementor-widget-text-editor\" data-id=\"9be0498\" data-element_type=\"widget\" data-e-type=\"widget\" data-widget_type=\"text-editor.default\">\n\t\t\t\t<div class=\"elementor-widget-container\">\n\t\t\t\t\t\t\t\t\t<p><strong>\u201cBildungsscheck\u201d \u2013 Brandenburg\u00a0<\/strong><\/p><p><img decoding=\"async\" class=\"alignnone size-full wp-image-27865\" src=\"https:\/\/tlcdenia.com\/wp-content\/uploads\/2021\/04\/brandenburg-bildungsurlaub-spanischkurse.jpg\" alt=\"\" width=\"150\" height=\"180\" \/><\/p><p>Vom Prinzip her ist dieser mit der allgemeinen Bildungspr\u00e4mie zu vergleichen. Allerdings m\u00fcssen die Weiterbildungsausgaben mehr als 1.000\u20ac betragen und werden erst dann mit bis zu 50 % bezuschusst. Man kann nur einmal im Jahr einen <strong>Bildungsscheck<\/strong> erhalten und nur zweimal pro Person insgesamt.<\/p><p>Dabei werden ausschlie\u03b2lich Kosten f\u00fcr Kurs und die Pr\u00fcfungsgeb\u00fchren gef\u00f6rdert, die Kosten f\u00fcr Verpflegung, Unterkunft oder zus\u00e4tsliche Kursmaterialien m\u00fcssen also von Ihnen getragen werden.<\/p><p>Gef\u00f6rdert werden grunds\u00e4tzlich alle Besch\u00e4ftigten mit Hauptwohnsitz in Brandenburg, wobei dies nicht f\u00fcr Besch\u00e4ftigte des \u00f6ffentlichen Dienstes gilt.<\/p><p><strong>\u201cQuali Scheck\u201d \u2013 \u00a0Rheinland Pfalz<\/strong><\/p><p><img decoding=\"async\" class=\"alignnone size-full wp-image-27871\" src=\"https:\/\/tlcdenia.com\/wp-content\/uploads\/2021\/04\/rhenland-pfalz-bildungsurlaub-spanischkurse.jpg\" alt=\"\" width=\"150\" height=\"150\" \/><\/p><p>Gef\u00f6rdert werden Besch\u00e4ftigte mit Hauptwohnsitz in Rheinland-Pfalz, die entweder ein zu versteuerndes Jahreseinkommen von mehr als 20.000 \u20ac haben oder von weniger als 20.000 \u20ac wenn die Kosten der Weiterbildung \u00fcber 1.000 \u20ac liegen. Von der F\u00f6rderung ausgeschlossene werden Sch\u00fcler, Studenten, Auszubildende, Selbstst\u00e4ndige, Gewerbetreibende bzw. Freiberufler und nicht Erwerbst\u00e4tige.<\/p><p>Gef\u00f6rdert werden 60 % der entstehenden Kosten wobei wieder sonstige Kosten (Fahrtkosten, Unterkunft- und Verpflegungskosten, Lehrmittel) nicht f\u00f6rderf\u00e4hig sind. Somit betr\u00e4gt die maximale F\u00f6rderh\u00f6ge 600 \u20ac.<\/p><p>Bitten beachten Sie beim <strong>\u201cQuali Scheck\u201d<\/strong>, dass dieser beantragt werden muss bevor Sie sich f\u00fcr Ihre Weiterbildung angemeldet haben.<\/p><p><strong>\u201cBildungsscheck\u201d \u2013 NRW<\/strong><\/p><p>Dieser <strong>Bildungsscheck<\/strong> richtet sich an Besch\u00e4ftigte aus kleineren oder mittleren Betrieben mit weniger als 250 Mitarbeitern und einem zu versteuernden Jahreseinkommen von maximal 30.000 \u20ac (60.000 \u20ac gemeinsam veranlagt)<\/p><p>Mit dem Bildungsscheck werden vor allem Besch\u00e4ftigte ohne Berufsabschluss, Berufsr\u00fcckkerende, Zugewanderte, Un- oder Angelernte, \u00e4ltere ab 50 Jahren und atypisch Besch\u00e4ftigte (Zeitarbeiter, befristet- und geringf\u00fcgig Besch\u00e4ftigte und Teilzeitbesch\u00e4ftigte) angesprochen, wobei Selbstst\u00e4ndige, angestellte (Mit-)Eigent\u00fcmer und Besch\u00e4ftigte im \u00f6ffentlichen Dienst von der F\u00f6rderung ausgeschlossen sind.<\/p><p>Gef\u00f6rdert werden bis zu 50 % (maximal bis zu 500 \u20ac) der Weiterbildungskosten.<\/p><p>Bitte beachten Sie, dass Sie, bevor Sie einen Sprachkurs bei uns buchen, eine offizielle Beratungsstelle aufsuchen sollten, um abzukl\u00e4ren ob sie Anspruch auf eine F\u00f6rderung haben.<\/p><p><strong>Steuerliche Absetzbarkeit<\/strong><\/p><p>Im Allgemeinen ist der Bildungsurlaub<strong> steuerlich absetzbar<\/strong>, da er beruflich relevant ist. Wobei sowohl anfallende Kurskosten als auch Kosten f\u00fcr Hin- und R\u00fcckfahrt, \u00dcbernachtungskosten, Verpflegungskosten und Materialkosten abgesetzt werden k\u00f6nnen.<\/p>\t\t\t\t\t\t\t\t<\/div>\n\t\t\t\t<\/div>\n\t\t\t\t\t<\/div>\n\t\t<\/div>\n\t\t\t\t\t<\/div>\n\t\t<\/section>\n\t\t\t\t<section class=\"elementor-section elementor-top-section elementor-element elementor-element-0184358 elementor-section-boxed elementor-section-height-default elementor-section-height-default\" data-id=\"0184358\" data-element_type=\"section\" data-e-type=\"section\">\n\t\t\t\t\t\t<div class=\"elementor-container elementor-column-gap-default\">\n\t\t\t\t\t<div class=\"elementor-column elementor-col-100 elementor-top-column elementor-element elementor-element-51df1f9\" data-id=\"51df1f9\" data-element_type=\"column\" data-e-type=\"column\">\n\t\t\t<div class=\"elementor-widget-wrap elementor-element-populated\">\n\t\t\t\t\t\t<div class=\"elementor-element elementor-element-6ca6d47 elementor-widget elementor-widget-image\" data-id=\"6ca6d47\" data-element_type=\"widget\" data-e-type=\"widget\" data-widget_type=\"image.default\">\n\t\t\t\t<div class=\"elementor-widget-container\">\n\t\t\t\t\t\t\t\t\t\t\t\t\t\t\t<img loading=\"lazy\" decoding=\"async\" width=\"900\" height=\"599\" src=\"https:\/\/tlcdenia.com\/wp-content\/uploads\/2021\/04\/steuern-bildungsurlaub-finanzierung.jpg\" class=\"attachment-full size-full wp-image-27877\" alt=\"Geld und Stifte\" srcset=\"https:\/\/tlcdenia.com\/wp-content\/uploads\/2021\/04\/steuern-bildungsurlaub-finanzierung.jpg 900w, https:\/\/tlcdenia.com\/wp-content\/uploads\/2021\/04\/steuern-bildungsurlaub-finanzierung-300x200.jpg 300w, https:\/\/tlcdenia.com\/wp-content\/uploads\/2021\/04\/steuern-bildungsurlaub-finanzierung-768x511.jpg 768w\" sizes=\"(max-width: 900px) 100vw, 900px\" \/>\t\t\t\t\t\t\t\t\t\t\t\t\t\t\t<\/div>\n\t\t\t\t<\/div>\n\t\t\t\t\t<\/div>\n\t\t<\/div>\n\t\t\t\t\t<\/div>\n\t\t<\/section>\n\t\t\t\t<section class=\"elementor-section elementor-top-section elementor-element elementor-element-8d62a56 elementor-section-boxed elementor-section-height-default elementor-section-height-default\" data-id=\"8d62a56\" data-element_type=\"section\" data-e-type=\"section\">\n\t\t\t\t\t\t<div class=\"elementor-container elementor-column-gap-default\">\n\t\t\t\t\t<div class=\"elementor-column elementor-col-100 elementor-top-column elementor-element elementor-element-7648c52\" data-id=\"7648c52\" data-element_type=\"column\" data-e-type=\"column\">\n\t\t\t<div class=\"elementor-widget-wrap elementor-element-populated\">\n\t\t\t\t\t\t<div class=\"elementor-element elementor-element-d30f405 elementor-widget elementor-widget-text-editor\" data-id=\"d30f405\" data-element_type=\"widget\" data-e-type=\"widget\" data-widget_type=\"text-editor.default\">\n\t\t\t\t<div class=\"elementor-widget-container\">\n\t\t\t\t\t\t\t\t\t<p>Dabei ist es sinnvoll Kursunterlagen wie z.B. Zertifikate oder eine Bescheinigung des Arbeitsgebers beim Finanzamt vorzulegen.<\/p>\t\t\t\t\t\t\t\t<\/div>\n\t\t\t\t<\/div>\n\t\t\t\t\t<\/div>\n\t\t<\/div>\n\t\t\t\t\t<\/div>\n\t\t<\/section>\n\t\t\t\t<section class=\"elementor-section elementor-top-section elementor-element elementor-element-cfe3874 elementor-section-boxed elementor-section-height-default elementor-section-height-default\" data-id=\"cfe3874\" data-element_type=\"section\" data-e-type=\"section\">\n\t\t\t\t\t\t<div class=\"elementor-container elementor-column-gap-default\">\n\t\t\t\t\t<div class=\"elementor-column elementor-col-100 elementor-top-column elementor-element elementor-element-1c15c25\" data-id=\"1c15c25\" data-element_type=\"column\" data-e-type=\"column\">\n\t\t\t<div class=\"elementor-widget-wrap elementor-element-populated\">\n\t\t\t\t\t\t<div class=\"elementor-element elementor-element-ad8d0af elementor-align-center elementor-widget elementor-widget-button\" data-id=\"ad8d0af\" data-element_type=\"widget\" data-e-type=\"widget\" data-widget_type=\"button.default\">\n\t\t\t\t<div class=\"elementor-widget-container\">\n\t\t\t\t\t\t\t\t\t<div class=\"elementor-button-wrapper\">\n\t\t\t\t\t<a class=\"elementor-button elementor-button-link elementor-size-lg\" href=\"https:\/\/tlcdenia.com\/de\/kurs-buchen\/\">\n\t\t\t\t\t\t<span class=\"elementor-button-content-wrapper\">\n\t\t\t\t\t\t<span class=\"elementor-button-icon\">\n\t\t\t\t<svg aria-hidden=\"true\" class=\"e-font-icon-svg e-far-check-circle\" viewBox=\"0 0 512 512\" xmlns=\"http:\/\/www.w3.org\/2000\/svg\"><path d=\"M256 8C119.033 8 8 119.033 8 256s111.033 248 248 248 248-111.033 248-248S392.967 8 256 8zm0 48c110.532 0 200 89.451 200 200 0 110.532-89.451 200-200 200-110.532 0-200-89.451-200-200 0-110.532 89.451-200 200-200m140.204 130.267l-22.536-22.718c-4.667-4.705-12.265-4.736-16.97-.068L215.346 303.697l-59.792-60.277c-4.667-4.705-12.265-4.736-16.97-.069l-22.719 22.536c-4.705 4.667-4.736 12.265-.068 16.971l90.781 91.516c4.667 4.705 12.265 4.736 16.97.068l172.589-171.204c4.704-4.668 4.734-12.266.067-16.971z\"><\/path><\/svg>\t\t\t<\/span>\n\t\t\t\t\t\t\t\t\t<span class=\"elementor-button-text\">BUCHEN SIE EINEN SPANISCHEN KURS<\/span>\n\t\t\t\t\t<\/span>\n\t\t\t\t\t<\/a>\n\t\t\t\t<\/div>\n\t\t\t\t\t\t\t\t<\/div>\n\t\t\t\t<\/div>\n\t\t\t\t\t<\/div>\n\t\t<\/div>\n\t\t\t\t\t<\/div>\n\t\t<\/section>\n\t\t\t\t<\/div>\n\t\t","protected":false},"excerpt":{"rendered":"<p>Sie haben sich daf\u00fcr entschieden einen Bildungsurlaub anzutreten? Gut! F\u00fcr mehr Informationen \u00fcber unsere Sprachkurse f\u00fcr Ihren Bildunsurlaub, klicken Sie hier:\u00a0Sprachkurse f\u00fcr Ihren BildunsurlaubJetzt bleibt nur noch die Frage der Finanzierung offen. Die Bundesregierung und einige Bundesl\u00e4nder bieten F\u00f6rderungen f\u00fcr &hellip; <\/p>\n","protected":false},"author":3,"featured_media":27883,"comment_status":"closed","ping_status":"closed","sticky":false,"template":"","format":"standard","meta":{"_acf_changed":false,"footnotes":""},"categories":[384,215],"tags":[],"class_list":["post-27850","post","type-post","status-publish","format-standard","has-post-thumbnail","hentry","category-bildungsurlaub-in-spanien","category-tlcdenia-news"],"acf":[],"yoast_head":"<!-- This site is optimized with the Yoast SEO plugin v26.9 - https:\/\/yoast.com\/product\/yoast-seo-wordpress\/ -->\n<title>Finanzierung Ihres Bildungsurlaubes | TLCd\u00e9nia Spanische Schule<\/title>\n<meta name=\"description\" content=\"Sie haben sich daf\u00fcr entschieden einen Bildungsurlaub anzutreten? Hier finden Sie Informationen rund um die Finanzierung.\" \/>\n<meta name=\"robots\" content=\"index, follow, max-snippet:-1, max-image-preview:large, max-video-preview:-1\" \/>\n<link rel=\"canonical\" href=\"https:\/\/tlcdenia.com\/de\/finanzierung-ihres-bildungsurlaubes\/\" \/>\n<meta property=\"og:locale\" content=\"de_DE\" \/>\n<meta property=\"og:type\" content=\"article\" \/>\n<meta property=\"og:title\" content=\"Finanzierung Ihres Bildungsurlaubes | TLCd\u00e9nia Spanische Schule\" \/>\n<meta property=\"og:description\" content=\"Sie haben sich daf\u00fcr entschieden einen Bildungsurlaub anzutreten? Hier finden Sie Informationen rund um die Finanzierung.\" \/>\n<meta property=\"og:url\" content=\"https:\/\/tlcdenia.com\/de\/finanzierung-ihres-bildungsurlaubes\/\" \/>\n<meta property=\"og:site_name\" content=\"TLCd\u00e9nia Schule \u2013 Offizielle Website\" \/>\n<meta property=\"article:published_time\" content=\"2020-02-13T10:11:49+00:00\" \/>\n<meta property=\"article:modified_time\" content=\"2025-05-22T11:55:54+00:00\" \/>\n<meta property=\"og:image\" content=\"https:\/\/tlcdenia.com\/wp-content\/uploads\/2021\/04\/bildungsurlaub-denia-spanisch.jpg\" \/>\n\t<meta property=\"og:image:width\" content=\"900\" \/>\n\t<meta property=\"og:image:height\" content=\"598\" \/>\n\t<meta property=\"og:image:type\" content=\"image\/jpeg\" \/>\n<meta name=\"author\" content=\"TLCd\u00e9nia\" \/>\n<meta name=\"twitter:card\" content=\"summary_large_image\" \/>\n<meta name=\"twitter:label1\" content=\"Verfasst von\" \/>\n\t<meta name=\"twitter:data1\" content=\"TLCd\u00e9nia\" \/>\n\t<meta name=\"twitter:label2\" content=\"Gesch\u00e4tzte Lesezeit\" \/>\n\t<meta name=\"twitter:data2\" content=\"4\u00a0Minuten\" \/>\n<script type=\"application\/ld+json\" class=\"yoast-schema-graph\">{\"@context\":\"https:\/\/schema.org\",\"@graph\":[{\"@type\":\"Article\",\"@id\":\"https:\/\/tlcdenia.com\/de\/finanzierung-ihres-bildungsurlaubes\/#article\",\"isPartOf\":{\"@id\":\"https:\/\/tlcdenia.com\/de\/finanzierung-ihres-bildungsurlaubes\/\"},\"author\":{\"name\":\"TLCd\u00e9nia\",\"@id\":\"https:\/\/tlcdenia.com\/de\/#\/schema\/person\/0aa366bc9e603b32c37f10e5c3a9b091\"},\"headline\":\"Finanzierung Ihres Bildungsurlaubes\",\"datePublished\":\"2020-02-13T10:11:49+00:00\",\"dateModified\":\"2025-05-22T11:55:54+00:00\",\"mainEntityOfPage\":{\"@id\":\"https:\/\/tlcdenia.com\/de\/finanzierung-ihres-bildungsurlaubes\/\"},\"wordCount\":554,\"image\":{\"@id\":\"https:\/\/tlcdenia.com\/de\/finanzierung-ihres-bildungsurlaubes\/#primaryimage\"},\"thumbnailUrl\":\"https:\/\/tlcdenia.com\/wp-content\/uploads\/2021\/04\/bildungsurlaub-denia-spanisch.jpg\",\"articleSection\":[\"BILDUNGSURLAUB\",\"TLCd\u00e9nia NEWS\"],\"inLanguage\":\"de\"},{\"@type\":\"WebPage\",\"@id\":\"https:\/\/tlcdenia.com\/de\/finanzierung-ihres-bildungsurlaubes\/\",\"url\":\"https:\/\/tlcdenia.com\/de\/finanzierung-ihres-bildungsurlaubes\/\",\"name\":\"Finanzierung Ihres Bildungsurlaubes | TLCd\u00e9nia Spanische Schule\",\"isPartOf\":{\"@id\":\"https:\/\/tlcdenia.com\/de\/#website\"},\"primaryImageOfPage\":{\"@id\":\"https:\/\/tlcdenia.com\/de\/finanzierung-ihres-bildungsurlaubes\/#primaryimage\"},\"image\":{\"@id\":\"https:\/\/tlcdenia.com\/de\/finanzierung-ihres-bildungsurlaubes\/#primaryimage\"},\"thumbnailUrl\":\"https:\/\/tlcdenia.com\/wp-content\/uploads\/2021\/04\/bildungsurlaub-denia-spanisch.jpg\",\"datePublished\":\"2020-02-13T10:11:49+00:00\",\"dateModified\":\"2025-05-22T11:55:54+00:00\",\"author\":{\"@id\":\"https:\/\/tlcdenia.com\/de\/#\/schema\/person\/0aa366bc9e603b32c37f10e5c3a9b091\"},\"description\":\"Sie haben sich daf\u00fcr entschieden einen Bildungsurlaub anzutreten? Hier finden Sie Informationen rund um die Finanzierung.\",\"breadcrumb\":{\"@id\":\"https:\/\/tlcdenia.com\/de\/finanzierung-ihres-bildungsurlaubes\/#breadcrumb\"},\"inLanguage\":\"de\",\"potentialAction\":[{\"@type\":\"ReadAction\",\"target\":[\"https:\/\/tlcdenia.com\/de\/finanzierung-ihres-bildungsurlaubes\/\"]}]},{\"@type\":\"ImageObject\",\"inLanguage\":\"de\",\"@id\":\"https:\/\/tlcdenia.com\/de\/finanzierung-ihres-bildungsurlaubes\/#primaryimage\",\"url\":\"https:\/\/tlcdenia.com\/wp-content\/uploads\/2021\/04\/bildungsurlaub-denia-spanisch.jpg\",\"contentUrl\":\"https:\/\/tlcdenia.com\/wp-content\/uploads\/2021\/04\/bildungsurlaub-denia-spanisch.jpg\",\"width\":900,\"height\":598,\"caption\":\"Mann auf der Stra\u00dfe Mann auf der Stra\u00dfe Bildungsurlaub Programm\"},{\"@type\":\"BreadcrumbList\",\"@id\":\"https:\/\/tlcdenia.com\/de\/finanzierung-ihres-bildungsurlaubes\/#breadcrumb\",\"itemListElement\":[{\"@type\":\"ListItem\",\"position\":1,\"name\":\"Home\",\"item\":\"https:\/\/tlcdenia.com\/de\/\"},{\"@type\":\"ListItem\",\"position\":2,\"name\":\"Finanzierung Ihres Bildungsurlaubes\"}]},{\"@type\":\"WebSite\",\"@id\":\"https:\/\/tlcdenia.com\/de\/#website\",\"url\":\"https:\/\/tlcdenia.com\/de\/\",\"name\":\"TLCd\u00e9nia Schule \u2013 Offizielle Website\",\"description\":\"Languages Center\",\"potentialAction\":[{\"@type\":\"SearchAction\",\"target\":{\"@type\":\"EntryPoint\",\"urlTemplate\":\"https:\/\/tlcdenia.com\/de\/?s={search_term_string}\"},\"query-input\":{\"@type\":\"PropertyValueSpecification\",\"valueRequired\":true,\"valueName\":\"search_term_string\"}}],\"inLanguage\":\"de\"},{\"@type\":\"Person\",\"@id\":\"https:\/\/tlcdenia.com\/de\/#\/schema\/person\/0aa366bc9e603b32c37f10e5c3a9b091\",\"name\":\"TLCd\u00e9nia\"}]}<\/script>\n<!-- \/ Yoast SEO plugin. -->","yoast_head_json":{"title":"Finanzierung Ihres Bildungsurlaubes | TLCd\u00e9nia Spanische Schule","description":"Sie haben sich daf\u00fcr entschieden einen Bildungsurlaub anzutreten? Hier finden Sie Informationen rund um die Finanzierung.","robots":{"index":"index","follow":"follow","max-snippet":"max-snippet:-1","max-image-preview":"max-image-preview:large","max-video-preview":"max-video-preview:-1"},"canonical":"https:\/\/tlcdenia.com\/de\/finanzierung-ihres-bildungsurlaubes\/","og_locale":"de_DE","og_type":"article","og_title":"Finanzierung Ihres Bildungsurlaubes | TLCd\u00e9nia Spanische Schule","og_description":"Sie haben sich daf\u00fcr entschieden einen Bildungsurlaub anzutreten? Hier finden Sie Informationen rund um die Finanzierung.","og_url":"https:\/\/tlcdenia.com\/de\/finanzierung-ihres-bildungsurlaubes\/","og_site_name":"TLCd\u00e9nia Schule \u2013 Offizielle Website","article_published_time":"2020-02-13T10:11:49+00:00","article_modified_time":"2025-05-22T11:55:54+00:00","og_image":[{"width":900,"height":598,"url":"https:\/\/tlcdenia.com\/wp-content\/uploads\/2021\/04\/bildungsurlaub-denia-spanisch.jpg","type":"image\/jpeg"}],"author":"TLCd\u00e9nia","twitter_card":"summary_large_image","twitter_misc":{"Verfasst von":"TLCd\u00e9nia","Gesch\u00e4tzte Lesezeit":"4\u00a0Minuten"},"schema":{"@context":"https:\/\/schema.org","@graph":[{"@type":"Article","@id":"https:\/\/tlcdenia.com\/de\/finanzierung-ihres-bildungsurlaubes\/#article","isPartOf":{"@id":"https:\/\/tlcdenia.com\/de\/finanzierung-ihres-bildungsurlaubes\/"},"author":{"name":"TLCd\u00e9nia","@id":"https:\/\/tlcdenia.com\/de\/#\/schema\/person\/0aa366bc9e603b32c37f10e5c3a9b091"},"headline":"Finanzierung Ihres Bildungsurlaubes","datePublished":"2020-02-13T10:11:49+00:00","dateModified":"2025-05-22T11:55:54+00:00","mainEntityOfPage":{"@id":"https:\/\/tlcdenia.com\/de\/finanzierung-ihres-bildungsurlaubes\/"},"wordCount":554,"image":{"@id":"https:\/\/tlcdenia.com\/de\/finanzierung-ihres-bildungsurlaubes\/#primaryimage"},"thumbnailUrl":"https:\/\/tlcdenia.com\/wp-content\/uploads\/2021\/04\/bildungsurlaub-denia-spanisch.jpg","articleSection":["BILDUNGSURLAUB","TLCd\u00e9nia NEWS"],"inLanguage":"de"},{"@type":"WebPage","@id":"https:\/\/tlcdenia.com\/de\/finanzierung-ihres-bildungsurlaubes\/","url":"https:\/\/tlcdenia.com\/de\/finanzierung-ihres-bildungsurlaubes\/","name":"Finanzierung Ihres Bildungsurlaubes | TLCd\u00e9nia Spanische Schule","isPartOf":{"@id":"https:\/\/tlcdenia.com\/de\/#website"},"primaryImageOfPage":{"@id":"https:\/\/tlcdenia.com\/de\/finanzierung-ihres-bildungsurlaubes\/#primaryimage"},"image":{"@id":"https:\/\/tlcdenia.com\/de\/finanzierung-ihres-bildungsurlaubes\/#primaryimage"},"thumbnailUrl":"https:\/\/tlcdenia.com\/wp-content\/uploads\/2021\/04\/bildungsurlaub-denia-spanisch.jpg","datePublished":"2020-02-13T10:11:49+00:00","dateModified":"2025-05-22T11:55:54+00:00","author":{"@id":"https:\/\/tlcdenia.com\/de\/#\/schema\/person\/0aa366bc9e603b32c37f10e5c3a9b091"},"description":"Sie haben sich daf\u00fcr entschieden einen Bildungsurlaub anzutreten? Hier finden Sie Informationen rund um die Finanzierung.","breadcrumb":{"@id":"https:\/\/tlcdenia.com\/de\/finanzierung-ihres-bildungsurlaubes\/#breadcrumb"},"inLanguage":"de","potentialAction":[{"@type":"ReadAction","target":["https:\/\/tlcdenia.com\/de\/finanzierung-ihres-bildungsurlaubes\/"]}]},{"@type":"ImageObject","inLanguage":"de","@id":"https:\/\/tlcdenia.com\/de\/finanzierung-ihres-bildungsurlaubes\/#primaryimage","url":"https:\/\/tlcdenia.com\/wp-content\/uploads\/2021\/04\/bildungsurlaub-denia-spanisch.jpg","contentUrl":"https:\/\/tlcdenia.com\/wp-content\/uploads\/2021\/04\/bildungsurlaub-denia-spanisch.jpg","width":900,"height":598,"caption":"Mann auf der Stra\u00dfe Mann auf der Stra\u00dfe Bildungsurlaub Programm"},{"@type":"BreadcrumbList","@id":"https:\/\/tlcdenia.com\/de\/finanzierung-ihres-bildungsurlaubes\/#breadcrumb","itemListElement":[{"@type":"ListItem","position":1,"name":"Home","item":"https:\/\/tlcdenia.com\/de\/"},{"@type":"ListItem","position":2,"name":"Finanzierung Ihres Bildungsurlaubes"}]},{"@type":"WebSite","@id":"https:\/\/tlcdenia.com\/de\/#website","url":"https:\/\/tlcdenia.com\/de\/","name":"TLCd\u00e9nia Schule \u2013 Offizielle Website","description":"Languages Center","potentialAction":[{"@type":"SearchAction","target":{"@type":"EntryPoint","urlTemplate":"https:\/\/tlcdenia.com\/de\/?s={search_term_string}"},"query-input":{"@type":"PropertyValueSpecification","valueRequired":true,"valueName":"search_term_string"}}],"inLanguage":"de"},{"@type":"Person","@id":"https:\/\/tlcdenia.com\/de\/#\/schema\/person\/0aa366bc9e603b32c37f10e5c3a9b091","name":"TLCd\u00e9nia"}]}},"_links":{"self":[{"href":"https:\/\/tlcdenia.com\/de\/wp-json\/wp\/v2\/posts\/27850","targetHints":{"allow":["GET"]}}],"collection":[{"href":"https:\/\/tlcdenia.com\/de\/wp-json\/wp\/v2\/posts"}],"about":[{"href":"https:\/\/tlcdenia.com\/de\/wp-json\/wp\/v2\/types\/post"}],"author":[{"embeddable":true,"href":"https:\/\/tlcdenia.com\/de\/wp-json\/wp\/v2\/users\/3"}],"replies":[{"embeddable":true,"href":"https:\/\/tlcdenia.com\/de\/wp-json\/wp\/v2\/comments?post=27850"}],"version-history":[{"count":4,"href":"https:\/\/tlcdenia.com\/de\/wp-json\/wp\/v2\/posts\/27850\/revisions"}],"predecessor-version":[{"id":100260,"href":"https:\/\/tlcdenia.com\/de\/wp-json\/wp\/v2\/posts\/27850\/revisions\/100260"}],"wp:featuredmedia":[{"embeddable":true,"href":"https:\/\/tlcdenia.com\/de\/wp-json\/wp\/v2\/media\/27883"}],"wp:attachment":[{"href":"https:\/\/tlcdenia.com\/de\/wp-json\/wp\/v2\/media?parent=27850"}],"wp:term":[{"taxonomy":"category","embeddable":true,"href":"https:\/\/tlcdenia.com\/de\/wp-json\/wp\/v2\/categories?post=27850"},{"taxonomy":"post_tag","embeddable":true,"href":"https:\/\/tlcdenia.com\/de\/wp-json\/wp\/v2\/tags?post=27850"}],"curies":[{"name":"wp","href":"https:\/\/api.w.org\/{rel}","templated":true}]}}